{"id":123624,"date":"2023-11-06T13:03:16","date_gmt":"2023-11-06T16:03:16","guid":{"rendered":"https:\/\/eldiariodesanpedro.com.ar\/sitio\/?p=123624"},"modified":"2023-11-06T13:03:21","modified_gmt":"2023-11-06T16:03:21","slug":"dos-detenidos-tras-grave-conflicto-vecinal","status":"publish","type":"post","link":"https:\/\/eldiariodesanpedro.com.ar\/sitio\/dos-detenidos-tras-grave-conflicto-vecinal\/","title":{"rendered":"Dos detenidos tras grave conflicto vecinal"},"content":{"rendered":"<!-- VideographyWP Plugin Message: Automatic video embedding prevented by plugin options. -->\n\n<p><a href=\"https:\/\/canalwebsanpedro.com.ar\/dos-detenidos-trass-grave-conflicto-vecinal\/\"><\/a><\/p>\n\n\n\n<p>En la tarde del s\u00e1bado, la polic\u00eda intervino fue llamada a la altura 1800 de Manuel Iglesias en respuesta a un conflicto vecinal. Varios hombres con antecedentes penales se ofuscaron ante la presencia policial y arremetieron contra los uniformados, arrojando piedras y lesionando a una oficial femenina en la zona del t\u00f3rax.<\/p>\n\n\n\n<p>La polic\u00eda logr\u00f3 aprehender a dos sospechosos, uno de ellos menor de edad, y el otro empu\u00f1ando un arma blanca (cuchilla) e intentando agredir al personal. La fuerza m\u00ednima indispensable fue utilizada para lograr la aprehensi\u00f3n de ambos. El caso est\u00e1 siendo investigado por la UFI del Joven en turno.<\/p>\n","protected":false},"excerpt":{"rendered":"<p>En la tarde del s\u00e1bado, la polic\u00eda intervino fue llamada a la altura 1800 de Manuel Iglesias en respuesta a un conflicto vecinal. Varios hombres con antecedentes penales se ofuscaron ante la presencia policial y arremetieron contra los uniformados, arrojando piedras y lesionando a una oficial femenina en la zona del t\u00f3rax. La polic\u00eda logr\u00f3 [&hellip;]<\/p>\n","protected":false},"author":4,"featured_media":77860,"comment_status":"closed","ping_status":"closed","sticky":false,"template":"","format":"standard","meta":{"om_disable_all_campaigns":false,"_jetpack_memberships_contains_paid_content":false,"footnotes":""},"categories":[2,103],"tags":[197,33,95,19],"class_list":["post-123624","post","type-post","status-publish","format-standard","has-post-thumbnail","hentry","category-locales","category-policiales-locales","tag-buenos-aires","tag-locales","tag-policiales","tag-san-pedro"],"aioseo_notices":[],"gutentor_comment":0,"jetpack_featured_media_url":"https:\/\/eldiariodesanpedro.com.ar\/sitio\/wp-content\/uploads\/2020\/07\/000085506.jpg","jetpack_shortlink":"https:\/\/wp.me\/p6RhLt-w9W","jetpack_sharing_enabled":true,"_links":{"self":[{"href":"https:\/\/eldiariodesanpedro.com.ar\/sitio\/wp-json\/wp\/v2\/posts\/123624","targetHints":{"allow":["GET"]}}],"collection":[{"href":"https:\/\/eldiariodesanpedro.com.ar\/sitio\/wp-json\/wp\/v2\/posts"}],"about":[{"href":"https:\/\/eldiariodesanpedro.com.ar\/sitio\/wp-json\/wp\/v2\/types\/post"}],"author":[{"embeddable":true,"href":"https:\/\/eldiariodesanpedro.com.ar\/sitio\/wp-json\/wp\/v2\/users\/4"}],"replies":[{"embeddable":true,"href":"https:\/\/eldiariodesanpedro.com.ar\/sitio\/wp-json\/wp\/v2\/comments?post=123624"}],"version-history":[{"count":1,"href":"https:\/\/eldiariodesanpedro.com.ar\/sitio\/wp-json\/wp\/v2\/posts\/123624\/revisions"}],"predecessor-version":[{"id":123625,"href":"https:\/\/eldiariodesanpedro.com.ar\/sitio\/wp-json\/wp\/v2\/posts\/123624\/revisions\/123625"}],"wp:featuredmedia":[{"embeddable":true,"href":"https:\/\/eldiariodesanpedro.com.ar\/sitio\/wp-json\/wp\/v2\/media\/77860"}],"wp:attachment":[{"href":"https:\/\/eldiariodesanpedro.com.ar\/sitio\/wp-json\/wp\/v2\/media?parent=123624"}],"wp:term":[{"taxonomy":"category","embeddable":true,"href":"https:\/\/eldiariodesanpedro.com.ar\/sitio\/wp-json\/wp\/v2\/categories?post=123624"},{"taxonomy":"post_tag","embeddable":true,"href":"https:\/\/eldiariodesanpedro.com.ar\/sitio\/wp-json\/wp\/v2\/tags?post=123624"}],"curies":[{"name":"wp","href":"https:\/\/api.w.org\/{rel}","templated":true}]}}