{"id":123622,"date":"2023-11-06T12:49:09","date_gmt":"2023-11-06T15:49:09","guid":{"rendered":"https:\/\/eldiariodesanpedro.com.ar\/sitio\/?p=123622"},"modified":"2023-11-06T12:51:59","modified_gmt":"2023-11-06T15:51:59","slug":"sujeto-de-27-anos-detenido-tras-dar-punta-pies-a-su-pareja-de-17","status":"publish","type":"post","link":"https:\/\/eldiariodesanpedro.com.ar\/sitio\/sujeto-de-27-anos-detenido-tras-dar-punta-pies-a-su-pareja-de-17\/","title":{"rendered":"Sujeto de 27 a\u00f1os detenido tras dar punta pies a su pareja de 17"},"content":{"rendered":"<!-- VideographyWP Plugin Message: Automatic video embedding prevented by plugin options. -->\n\n<p>En la tarde del pasado s\u00e1bado, la polic\u00eda procedi\u00f3 a la aprehensi\u00f3n de un hombre de 27 a\u00f1os en la calle Mitre y 3 de Febrero.<\/p>\n\n\n\n<p>El hombre estaba agrediendo a su novia femenina de 17 a\u00f1os mediante puntapi\u00e9s. La v\u00edctima fue trasladada a la calle CMYLF. El caso est\u00e1 siendo investigado por la UFI 11.<\/p>\n\n\n\n<p><a href=\"https:\/\/canalwebsanpedro.com.ar\/sujeto-de-27-anos-detenido-tras-dar-punta-pies-a-su-pareja-de-17\/\"><\/a><\/p>\n","protected":false},"excerpt":{"rendered":"<p>En la tarde del pasado s\u00e1bado, la polic\u00eda procedi\u00f3 a la aprehensi\u00f3n de un hombre de 27 a\u00f1os en la calle Mitre y 3 de Febrero. El hombre estaba agrediendo a su novia femenina de 17 a\u00f1os mediante puntapi\u00e9s. La v\u00edctima fue trasladada a la calle CMYLF. El caso est\u00e1 siendo investigado por la UFI [&hellip;]<\/p>\n","protected":false},"author":4,"featured_media":103024,"comment_status":"closed","ping_status":"closed","sticky":false,"template":"","format":"standard","meta":{"om_disable_all_campaigns":false,"_jetpack_memberships_contains_paid_content":false,"footnotes":""},"categories":[2,103],"tags":[],"class_list":["post-123622","post","type-post","status-publish","format-standard","has-post-thumbnail","hentry","category-locales","category-policiales-locales"],"aioseo_notices":[],"gutentor_comment":0,"jetpack_featured_media_url":"https:\/\/eldiariodesanpedro.com.ar\/sitio\/wp-content\/uploads\/2022\/01\/Patrulla67-1024x680-1.jpg","jetpack_shortlink":"https:\/\/wp.me\/p6RhLt-w9U","jetpack_sharing_enabled":true,"_links":{"self":[{"href":"https:\/\/eldiariodesanpedro.com.ar\/sitio\/wp-json\/wp\/v2\/posts\/123622","targetHints":{"allow":["GET"]}}],"collection":[{"href":"https:\/\/eldiariodesanpedro.com.ar\/sitio\/wp-json\/wp\/v2\/posts"}],"about":[{"href":"https:\/\/eldiariodesanpedro.com.ar\/sitio\/wp-json\/wp\/v2\/types\/post"}],"author":[{"embeddable":true,"href":"https:\/\/eldiariodesanpedro.com.ar\/sitio\/wp-json\/wp\/v2\/users\/4"}],"replies":[{"embeddable":true,"href":"https:\/\/eldiariodesanpedro.com.ar\/sitio\/wp-json\/wp\/v2\/comments?post=123622"}],"version-history":[{"count":1,"href":"https:\/\/eldiariodesanpedro.com.ar\/sitio\/wp-json\/wp\/v2\/posts\/123622\/revisions"}],"predecessor-version":[{"id":123623,"href":"https:\/\/eldiariodesanpedro.com.ar\/sitio\/wp-json\/wp\/v2\/posts\/123622\/revisions\/123623"}],"wp:featuredmedia":[{"embeddable":true,"href":"https:\/\/eldiariodesanpedro.com.ar\/sitio\/wp-json\/wp\/v2\/media\/103024"}],"wp:attachment":[{"href":"https:\/\/eldiariodesanpedro.com.ar\/sitio\/wp-json\/wp\/v2\/media?parent=123622"}],"wp:term":[{"taxonomy":"category","embeddable":true,"href":"https:\/\/eldiariodesanpedro.com.ar\/sitio\/wp-json\/wp\/v2\/categories?post=123622"},{"taxonomy":"post_tag","embeddable":true,"href":"https:\/\/eldiariodesanpedro.com.ar\/sitio\/wp-json\/wp\/v2\/tags?post=123622"}],"curies":[{"name":"wp","href":"https:\/\/api.w.org\/{rel}","templated":true}]}}