{"id":123619,"date":"2023-11-06T12:36:41","date_gmt":"2023-11-06T15:36:41","guid":{"rendered":"https:\/\/eldiariodesanpedro.com.ar\/sitio\/?p=123619"},"modified":"2023-11-06T12:36:45","modified_gmt":"2023-11-06T15:36:45","slug":"un-hombre-redujo-a-un-malviviente-que-pretendia-robar-en-un-obra-en-construccion","status":"publish","type":"post","link":"https:\/\/eldiariodesanpedro.com.ar\/sitio\/un-hombre-redujo-a-un-malviviente-que-pretendia-robar-en-un-obra-en-construccion\/","title":{"rendered":"Un hombre redujo a un malviviente que pretend\u00eda robar en un obra en construcci\u00f3n"},"content":{"rendered":"<!-- VideographyWP Plugin Message: Automatic video embedding prevented by plugin options. -->\n\n<p>En Mitre y Gral. Pueyerrdon, un hombre de 39 a\u00f1os redujo a otro hombre de 34 a\u00f1os que hab\u00eda ingresado a su casa (obra en construcci\u00f3n) y sustrajo un taladro a bater\u00eda. El robo fue registrado por c\u00e1maras particulares.<\/p>\n\n\n\n<p>La polic\u00eda logr\u00f3 aprehender al sospechoso y secuestrar una arma blanca y los elementos sustra\u00eddos de su mochila. El caso est\u00e1 siendo investigado por la UFI 11.<\/p>\n\n\n\n<p><a href=\"https:\/\/canalwebsanpedro.com.ar\/un-hombre-redujo-a-un-malviviente-que-pretendia-robar-en-un-obra-en-construccion\/\"><\/a><\/p>\n","protected":false},"excerpt":{"rendered":"<p>En Mitre y Gral. Pueyerrdon, un hombre de 39 a\u00f1os redujo a otro hombre de 34 a\u00f1os que hab\u00eda ingresado a su casa (obra en construcci\u00f3n) y sustrajo un taladro a bater\u00eda. El robo fue registrado por c\u00e1maras particulares. La polic\u00eda logr\u00f3 aprehender al sospechoso y secuestrar una arma blanca y los elementos sustra\u00eddos de [&hellip;]<\/p>\n","protected":false},"author":4,"featured_media":123620,"comment_status":"closed","ping_status":"closed","sticky":false,"template":"","format":"standard","meta":{"om_disable_all_campaigns":false,"_jetpack_memberships_contains_paid_content":false,"footnotes":""},"categories":[2,103],"tags":[197,33,95,19],"class_list":["post-123619","post","type-post","status-publish","format-standard","has-post-thumbnail","hentry","category-locales","category-policiales-locales","tag-buenos-aires","tag-locales","tag-policiales","tag-san-pedro"],"aioseo_notices":[],"gutentor_comment":0,"jetpack_featured_media_url":"https:\/\/eldiariodesanpedro.com.ar\/sitio\/wp-content\/uploads\/2023\/11\/detenido.jpg","jetpack_shortlink":"https:\/\/wp.me\/p6RhLt-w9R","jetpack_sharing_enabled":true,"_links":{"self":[{"href":"https:\/\/eldiariodesanpedro.com.ar\/sitio\/wp-json\/wp\/v2\/posts\/123619","targetHints":{"allow":["GET"]}}],"collection":[{"href":"https:\/\/eldiariodesanpedro.com.ar\/sitio\/wp-json\/wp\/v2\/posts"}],"about":[{"href":"https:\/\/eldiariodesanpedro.com.ar\/sitio\/wp-json\/wp\/v2\/types\/post"}],"author":[{"embeddable":true,"href":"https:\/\/eldiariodesanpedro.com.ar\/sitio\/wp-json\/wp\/v2\/users\/4"}],"replies":[{"embeddable":true,"href":"https:\/\/eldiariodesanpedro.com.ar\/sitio\/wp-json\/wp\/v2\/comments?post=123619"}],"version-history":[{"count":1,"href":"https:\/\/eldiariodesanpedro.com.ar\/sitio\/wp-json\/wp\/v2\/posts\/123619\/revisions"}],"predecessor-version":[{"id":123621,"href":"https:\/\/eldiariodesanpedro.com.ar\/sitio\/wp-json\/wp\/v2\/posts\/123619\/revisions\/123621"}],"wp:featuredmedia":[{"embeddable":true,"href":"https:\/\/eldiariodesanpedro.com.ar\/sitio\/wp-json\/wp\/v2\/media\/123620"}],"wp:attachment":[{"href":"https:\/\/eldiariodesanpedro.com.ar\/sitio\/wp-json\/wp\/v2\/media?parent=123619"}],"wp:term":[{"taxonomy":"category","embeddable":true,"href":"https:\/\/eldiariodesanpedro.com.ar\/sitio\/wp-json\/wp\/v2\/categories?post=123619"},{"taxonomy":"post_tag","embeddable":true,"href":"https:\/\/eldiariodesanpedro.com.ar\/sitio\/wp-json\/wp\/v2\/tags?post=123619"}],"curies":[{"name":"wp","href":"https:\/\/api.w.org\/{rel}","templated":true}]}}