{"id":123611,"date":"2023-11-06T12:08:09","date_gmt":"2023-11-06T15:08:09","guid":{"rendered":"https:\/\/eldiariodesanpedro.com.ar\/sitio\/?p=123611"},"modified":"2023-11-06T12:08:12","modified_gmt":"2023-11-06T15:08:12","slug":"comenzo-la-29-edicion-de-la-semana-de-la-juventud","status":"publish","type":"post","link":"https:\/\/eldiariodesanpedro.com.ar\/sitio\/comenzo-la-29-edicion-de-la-semana-de-la-juventud\/","title":{"rendered":"Comenz\u00f3 la 29\u00b0 edici\u00f3n de la Semana de la Juventud"},"content":{"rendered":"<!-- VideographyWP Plugin Message: Automatic video embedding prevented by plugin options. -->\n\n<p>Este domingo, dio inicio una nueva edici\u00f3n de la Semana de la Juventud en Santa Luc\u00eda, con la conmemoraci\u00f3n de los 40 a\u00f1os de democracia como tem\u00e1tica central y una gran cantidad de actividades que se desarrollar\u00e1n durante toda la semana.<\/p>\n\n\n\n<p>El acto de apertura se concret\u00f3 en el Instituto Margarita O\u2019Farrel de Maguirre y durante la tarde se pudo disfrutar de m\u00fasica en vivo y el paseo de los artesanos. Adem\u00e1s, hubo murga con Los Quitamufas y una interpretaci\u00f3n musical realizada por alumnos de 1\u00b0 a\u00f1o de las instituciones educativas de la localidad. Las actividades cerraron con la participaci\u00f3n de Ale \u00c1lvarez como solista y el mago Leandro Llovet.<\/p>\n\n\n\n<p>Las actividades continuar\u00e1n durante toda la semana con Deportes, juegos, karaoke, charlas de prevenci\u00f3n, m\u00fasica en vivo, cortos audiovisuales y los cierres a cargo de Tumbao Show y Grupo Play.<\/p>\n\n\n\n<p>Cronograma de actividades (Sujeto a modificaciones):<\/p>\n\n\n\n<p>Lunes 6:<br>8 a 12 hs. deportes<br>13.30 a 16 hs. Deportes<br>20 hs. Fog\u00f3n, juegos y karaoke en la Escuela de Educaci\u00f3n Secundaria N\u00b0 1<\/p>\n\n\n\n<p>Martes 7:<br>9 a 15.30 hs. Juegos Recreativos (En cancha Instituto)<br>17 hs. \u201cHACELOcorto\u201d Muestra de cortometrajes realizados por los j\u00f3venes en la Casa del Teatro.<br>19 hs. Taller en el marco de los 40 a\u00f1os de la Democracia a cargo de la \u201cMesa por la memoria, la verdad y la justicia\u201d en la Casa del Teatro.<\/p>\n\n\n\n<p>Mi\u00e9rcoles 8:<br>8 a 12 hs. Deportes.<br>13.30 a 16 hs. Deportes<br>19hs. Charla sobre prevenci\u00f3n de abuso infantil a cargo de Cintia C\u00e1ceres junto a ACASE San Pedro.<\/p>\n\n\n\n<p>Jueves 9:<br>8.30 a 16 hs. Feria de Ciencia y Are en la Secundaria N\u00b0 1<br>9 hs. \u201cJuego de Mente\u201d en la Escuela Secundaria N\u00b01<br>13.30 a 16 hs. Juegos de ESI en la Escuela Secundaria N\u00b0 1<br>20 hs. \u201cVamos las Bandas\u201d frente a la Casa del Teatro.<\/p>\n\n\n\n<p>Viernes 10:<br>8 a 12 hs. Deportes<br>20.30 hs. Acto de cierre en la cancha del Instituto<br>Representaci\u00f3n conmemorativa 40 a\u00f1os de Democracia por los j\u00f3venes.<br>Show del ventr\u00edlocuo Adri\u00e1n Alonso<br>Tumbao\u00a0Show<br>Grupo\u00a0Play<\/p>\n\n\n\n<figure class=\"wp-block-image size-full\"><img decoding=\"async\" width=\"840\" height=\"630\" data-attachment-id=\"123613\" data-permalink=\"https:\/\/eldiariodesanpedro.com.ar\/sitio\/comenzo-la-29-edicion-de-la-semana-de-la-juventud\/imagen-de-whatsapp-2023-11-06-a-las-10-22-42_3c560232\/\" data-orig-file=\"https:\/\/eldiariodesanpedro.com.ar\/sitio\/wp-content\/uploads\/2023\/11\/Imagen-de-WhatsApp-2023-11-06-a-las-10.22.42_3c560232.jpg\" data-orig-size=\"840,630\" data-comments-opened=\"0\" data-image-meta=\"{&quot;aperture&quot;:&quot;0&quot;,&quot;credit&quot;:&quot;&quot;,&quot;camera&quot;:&quot;&quot;,&quot;caption&quot;:&quot;&quot;,&quot;created_timestamp&quot;:&quot;0&quot;,&quot;copyright&quot;:&quot;&quot;,&quot;focal_length&quot;:&quot;0&quot;,&quot;iso&quot;:&quot;0&quot;,&quot;shutter_speed&quot;:&quot;0&quot;,&quot;title&quot;:&quot;&quot;,&quot;orientation&quot;:&quot;0&quot;}\" data-image-title=\"Imagen de WhatsApp 2023-11-06 a las 10.22.42_3c560232\" data-image-description=\"\" data-image-caption=\"\" data-large-file=\"https:\/\/eldiariodesanpedro.com.ar\/sitio\/wp-content\/uploads\/2023\/11\/Imagen-de-WhatsApp-2023-11-06-a-las-10.22.42_3c560232.jpg\" data-src=\"https:\/\/eldiariodesanpedro.com.ar\/sitio\/wp-content\/uploads\/2023\/11\/Imagen-de-WhatsApp-2023-11-06-a-las-10.22.42_3c560232.jpg\" alt=\"\" class=\"wp-image-123613 lazyload\" data-srcset=\"https:\/\/eldiariodesanpedro.com.ar\/sitio\/wp-content\/uploads\/2023\/11\/Imagen-de-WhatsApp-2023-11-06-a-las-10.22.42_3c560232.jpg 840w, https:\/\/eldiariodesanpedro.com.ar\/sitio\/wp-content\/uploads\/2023\/11\/Imagen-de-WhatsApp-2023-11-06-a-las-10.22.42_3c560232-300x225.jpg 300w, https:\/\/eldiariodesanpedro.com.ar\/sitio\/wp-content\/uploads\/2023\/11\/Imagen-de-WhatsApp-2023-11-06-a-las-10.22.42_3c560232-768x576.jpg 768w, https:\/\/eldiariodesanpedro.com.ar\/sitio\/wp-content\/uploads\/2023\/11\/Imagen-de-WhatsApp-2023-11-06-a-las-10.22.42_3c560232-272x204.jpg 272w\" data-sizes=\"(max-width: 840px) 100vw, 840px\" src=\"data:image\/svg+xml;base64,PHN2ZyB3aWR0aD0iMSIgaGVpZ2h0PSIxIiB4bWxucz0iaHR0cDovL3d3dy53My5vcmcvMjAwMC9zdmciPjwvc3ZnPg==\" style=\"--smush-placeholder-width: 840px; --smush-placeholder-aspect-ratio: 840\/630;\" \/><\/figure>\n\n\n\n<figure class=\"wp-block-image size-full\"><img decoding=\"async\" width=\"840\" height=\"630\" data-attachment-id=\"123616\" data-permalink=\"https:\/\/eldiariodesanpedro.com.ar\/sitio\/comenzo-la-29-edicion-de-la-semana-de-la-juventud\/imagen-de-whatsapp-2023-11-06-a-las-10-22-45_ea0a0ae0\/\" data-orig-file=\"https:\/\/eldiariodesanpedro.com.ar\/sitio\/wp-content\/uploads\/2023\/11\/Imagen-de-WhatsApp-2023-11-06-a-las-10.22.45_ea0a0ae0.jpg\" data-orig-size=\"840,630\" data-comments-opened=\"0\" data-image-meta=\"{&quot;aperture&quot;:&quot;0&quot;,&quot;credit&quot;:&quot;&quot;,&quot;camera&quot;:&quot;&quot;,&quot;caption&quot;:&quot;&quot;,&quot;created_timestamp&quot;:&quot;0&quot;,&quot;copyright&quot;:&quot;&quot;,&quot;focal_length&quot;:&quot;0&quot;,&quot;iso&quot;:&quot;0&quot;,&quot;shutter_speed&quot;:&quot;0&quot;,&quot;title&quot;:&quot;&quot;,&quot;orientation&quot;:&quot;0&quot;}\" data-image-title=\"Imagen de WhatsApp 2023-11-06 a las 10.22.45_ea0a0ae0\" data-image-description=\"\" data-image-caption=\"\" data-large-file=\"https:\/\/eldiariodesanpedro.com.ar\/sitio\/wp-content\/uploads\/2023\/11\/Imagen-de-WhatsApp-2023-11-06-a-las-10.22.45_ea0a0ae0.jpg\" data-src=\"https:\/\/eldiariodesanpedro.com.ar\/sitio\/wp-content\/uploads\/2023\/11\/Imagen-de-WhatsApp-2023-11-06-a-las-10.22.45_ea0a0ae0.jpg\" alt=\"\" class=\"wp-image-123616 lazyload\" data-srcset=\"https:\/\/eldiariodesanpedro.com.ar\/sitio\/wp-content\/uploads\/2023\/11\/Imagen-de-WhatsApp-2023-11-06-a-las-10.22.45_ea0a0ae0.jpg 840w, https:\/\/eldiariodesanpedro.com.ar\/sitio\/wp-content\/uploads\/2023\/11\/Imagen-de-WhatsApp-2023-11-06-a-las-10.22.45_ea0a0ae0-300x225.jpg 300w, https:\/\/eldiariodesanpedro.com.ar\/sitio\/wp-content\/uploads\/2023\/11\/Imagen-de-WhatsApp-2023-11-06-a-las-10.22.45_ea0a0ae0-768x576.jpg 768w, https:\/\/eldiariodesanpedro.com.ar\/sitio\/wp-content\/uploads\/2023\/11\/Imagen-de-WhatsApp-2023-11-06-a-las-10.22.45_ea0a0ae0-272x204.jpg 272w\" data-sizes=\"(max-width: 840px) 100vw, 840px\" src=\"data:image\/svg+xml;base64,PHN2ZyB3aWR0aD0iMSIgaGVpZ2h0PSIxIiB4bWxucz0iaHR0cDovL3d3dy53My5vcmcvMjAwMC9zdmciPjwvc3ZnPg==\" style=\"--smush-placeholder-width: 840px; --smush-placeholder-aspect-ratio: 840\/630;\" \/><\/figure>\n\n\n\n<figure class=\"wp-block-image size-full\"><img decoding=\"async\" width=\"840\" height=\"630\" data-attachment-id=\"123617\" data-permalink=\"https:\/\/eldiariodesanpedro.com.ar\/sitio\/comenzo-la-29-edicion-de-la-semana-de-la-juventud\/imagen-de-whatsapp-2023-11-06-a-las-10-22-46_afafc0ff\/\" data-orig-file=\"https:\/\/eldiariodesanpedro.com.ar\/sitio\/wp-content\/uploads\/2023\/11\/Imagen-de-WhatsApp-2023-11-06-a-las-10.22.46_afafc0ff.jpg\" data-orig-size=\"840,630\" data-comments-opened=\"0\" data-image-meta=\"{&quot;aperture&quot;:&quot;0&quot;,&quot;credit&quot;:&quot;&quot;,&quot;camera&quot;:&quot;&quot;,&quot;caption&quot;:&quot;&quot;,&quot;created_timestamp&quot;:&quot;0&quot;,&quot;copyright&quot;:&quot;&quot;,&quot;focal_length&quot;:&quot;0&quot;,&quot;iso&quot;:&quot;0&quot;,&quot;shutter_speed&quot;:&quot;0&quot;,&quot;title&quot;:&quot;&quot;,&quot;orientation&quot;:&quot;0&quot;}\" data-image-title=\"Imagen de WhatsApp 2023-11-06 a las 10.22.46_afafc0ff\" data-image-description=\"\" data-image-caption=\"\" data-large-file=\"https:\/\/eldiariodesanpedro.com.ar\/sitio\/wp-content\/uploads\/2023\/11\/Imagen-de-WhatsApp-2023-11-06-a-las-10.22.46_afafc0ff.jpg\" data-src=\"https:\/\/eldiariodesanpedro.com.ar\/sitio\/wp-content\/uploads\/2023\/11\/Imagen-de-WhatsApp-2023-11-06-a-las-10.22.46_afafc0ff.jpg\" alt=\"\" class=\"wp-image-123617 lazyload\" data-srcset=\"https:\/\/eldiariodesanpedro.com.ar\/sitio\/wp-content\/uploads\/2023\/11\/Imagen-de-WhatsApp-2023-11-06-a-las-10.22.46_afafc0ff.jpg 840w, https:\/\/eldiariodesanpedro.com.ar\/sitio\/wp-content\/uploads\/2023\/11\/Imagen-de-WhatsApp-2023-11-06-a-las-10.22.46_afafc0ff-300x225.jpg 300w, https:\/\/eldiariodesanpedro.com.ar\/sitio\/wp-content\/uploads\/2023\/11\/Imagen-de-WhatsApp-2023-11-06-a-las-10.22.46_afafc0ff-768x576.jpg 768w, https:\/\/eldiariodesanpedro.com.ar\/sitio\/wp-content\/uploads\/2023\/11\/Imagen-de-WhatsApp-2023-11-06-a-las-10.22.46_afafc0ff-272x204.jpg 272w\" data-sizes=\"(max-width: 840px) 100vw, 840px\" src=\"data:image\/svg+xml;base64,PHN2ZyB3aWR0aD0iMSIgaGVpZ2h0PSIxIiB4bWxucz0iaHR0cDovL3d3dy53My5vcmcvMjAwMC9zdmciPjwvc3ZnPg==\" style=\"--smush-placeholder-width: 840px; --smush-placeholder-aspect-ratio: 840\/630;\" \/><\/figure>\n","protected":false},"excerpt":{"rendered":"<p>Este domingo, dio inicio una nueva edici\u00f3n de la Semana de la Juventud en Santa Luc\u00eda, con la conmemoraci\u00f3n de los 40 a\u00f1os de democracia como tem\u00e1tica central y una gran cantidad de actividades que se desarrollar\u00e1n durante toda la semana. El acto de apertura se concret\u00f3 en el Instituto Margarita O\u2019Farrel de Maguirre y [&hellip;]<\/p>\n","protected":false},"author":4,"featured_media":123613,"comment_status":"closed","ping_status":"closed","sticky":false,"template":"","format":"standard","meta":{"om_disable_all_campaigns":false,"_jetpack_memberships_contains_paid_content":false,"footnotes":""},"categories":[50,101,2],"tags":[197,696,33,19],"class_list":["post-123611","post","type-post","status-publish","format-standard","has-post-thumbnail","hentry","category-destacadas","category-interes-general-locales","category-locales","tag-buenos-aires","tag-interes-general","tag-locales","tag-san-pedro"],"aioseo_notices":[],"gutentor_comment":0,"jetpack_featured_media_url":"https:\/\/eldiariodesanpedro.com.ar\/sitio\/wp-content\/uploads\/2023\/11\/Imagen-de-WhatsApp-2023-11-06-a-las-10.22.42_3c560232.jpg","jetpack_shortlink":"https:\/\/wp.me\/p6RhLt-w9J","jetpack_sharing_enabled":true,"_links":{"self":[{"href":"https:\/\/eldiariodesanpedro.com.ar\/sitio\/wp-json\/wp\/v2\/posts\/123611","targetHints":{"allow":["GET"]}}],"collection":[{"href":"https:\/\/eldiariodesanpedro.com.ar\/sitio\/wp-json\/wp\/v2\/posts"}],"about":[{"href":"https:\/\/eldiariodesanpedro.com.ar\/sitio\/wp-json\/wp\/v2\/types\/post"}],"author":[{"embeddable":true,"href":"https:\/\/eldiariodesanpedro.com.ar\/sitio\/wp-json\/wp\/v2\/users\/4"}],"replies":[{"embeddable":true,"href":"https:\/\/eldiariodesanpedro.com.ar\/sitio\/wp-json\/wp\/v2\/comments?post=123611"}],"version-history":[{"count":1,"href":"https:\/\/eldiariodesanpedro.com.ar\/sitio\/wp-json\/wp\/v2\/posts\/123611\/revisions"}],"predecessor-version":[{"id":123618,"href":"https:\/\/eldiariodesanpedro.com.ar\/sitio\/wp-json\/wp\/v2\/posts\/123611\/revisions\/123618"}],"wp:featuredmedia":[{"embeddable":true,"href":"https:\/\/eldiariodesanpedro.com.ar\/sitio\/wp-json\/wp\/v2\/media\/123613"}],"wp:attachment":[{"href":"https:\/\/eldiariodesanpedro.com.ar\/sitio\/wp-json\/wp\/v2\/media?parent=123611"}],"wp:term":[{"taxonomy":"category","embeddable":true,"href":"https:\/\/eldiariodesanpedro.com.ar\/sitio\/wp-json\/wp\/v2\/categories?post=123611"},{"taxonomy":"post_tag","embeddable":true,"href":"https:\/\/eldiariodesanpedro.com.ar\/sitio\/wp-json\/wp\/v2\/tags?post=123611"}],"curies":[{"name":"wp","href":"https:\/\/api.w.org\/{rel}","templated":true}]}}