{"id":123608,"date":"2023-11-06T12:00:03","date_gmt":"2023-11-06T15:00:03","guid":{"rendered":"https:\/\/eldiariodesanpedro.com.ar\/sitio\/?p=123608"},"modified":"2023-11-06T12:00:05","modified_gmt":"2023-11-06T15:00:05","slug":"destacada-actuacion-de-los-deportistas-sampedrinos-en-los-juegos-panamericanos","status":"publish","type":"post","link":"https:\/\/eldiariodesanpedro.com.ar\/sitio\/destacada-actuacion-de-los-deportistas-sampedrinos-en-los-juegos-panamericanos\/","title":{"rendered":"Destacada actuaci\u00f3n de los deportistas sampedrinos en los Juegos Panamericanos"},"content":{"rendered":"<!-- VideographyWP Plugin Message: Automatic video embedding prevented by plugin options. -->\n\n<p>La Municipalidad de San Pedro, comparte con mucha alegr\u00eda los triunfos logrados por los deportistas sampedrinos en los Juegos Panamericanos de Santiago 2023<\/p>\n\n\n\n<p>Felicita por el esfuerzo y por el orgullo a quienes representaron a nuestro pa\u00eds en el certamen desarrollado en Chile.<\/p>\n\n\n\n<p>Eugenia Bosco obtuvo la Medalla de Oro en Clase Nacra. Al igual que el binomio comprendido por Julio Alsogaray y Malena Sciarra que consiguieron tambi\u00e9n el mismo reconocimiento tras obtener el primer puesto en la clase Snipe de la Vela.<\/p>\n\n\n\n<p>Al tiempo que Branda Rojas obtuvo dos Medallas de Plata: en K1 500m femenino y en K2 500.<\/p>\n\n\n\n<p>Por su parte, Valent\u00edn Rossi gan\u00f3 la Medalla de Bronce. El palista logr\u00f3 el tercer lugar en la Final A del K1 1000.<\/p>\n\n\n\n<p>Y la nadadora Candela Raviola tuvo su hist\u00f3rico debut en un Juego Panamericano, teniendo una destacada actuaci\u00f3n en los 200&nbsp;metros&nbsp;Espalda.<\/p>\n","protected":false},"excerpt":{"rendered":"<p>La Municipalidad de San Pedro, comparte con mucha alegr\u00eda los triunfos logrados por los deportistas sampedrinos en los Juegos Panamericanos de Santiago 2023 Felicita por el esfuerzo y por el orgullo a quienes representaron a nuestro pa\u00eds en el certamen desarrollado en Chile. Eugenia Bosco obtuvo la Medalla de Oro en Clase Nacra. Al igual [&hellip;]<\/p>\n","protected":false},"author":4,"featured_media":123609,"comment_status":"closed","ping_status":"closed","sticky":false,"template":"","format":"standard","meta":{"om_disable_all_campaigns":false,"_jetpack_memberships_contains_paid_content":false,"footnotes":""},"categories":[50,101,2],"tags":[197,696,33,19],"class_list":["post-123608","post","type-post","status-publish","format-standard","has-post-thumbnail","hentry","category-destacadas","category-interes-general-locales","category-locales","tag-buenos-aires","tag-interes-general","tag-locales","tag-san-pedro"],"aioseo_notices":[],"gutentor_comment":0,"jetpack_featured_media_url":"https:\/\/eldiariodesanpedro.com.ar\/sitio\/wp-content\/uploads\/2023\/11\/Imagen-de-WhatsApp-2023-11-04-a-las-20.35.49_7868e420.jpg","jetpack_shortlink":"https:\/\/wp.me\/p6RhLt-w9G","jetpack_sharing_enabled":true,"_links":{"self":[{"href":"https:\/\/eldiariodesanpedro.com.ar\/sitio\/wp-json\/wp\/v2\/posts\/123608","targetHints":{"allow":["GET"]}}],"collection":[{"href":"https:\/\/eldiariodesanpedro.com.ar\/sitio\/wp-json\/wp\/v2\/posts"}],"about":[{"href":"https:\/\/eldiariodesanpedro.com.ar\/sitio\/wp-json\/wp\/v2\/types\/post"}],"author":[{"embeddable":true,"href":"https:\/\/eldiariodesanpedro.com.ar\/sitio\/wp-json\/wp\/v2\/users\/4"}],"replies":[{"embeddable":true,"href":"https:\/\/eldiariodesanpedro.com.ar\/sitio\/wp-json\/wp\/v2\/comments?post=123608"}],"version-history":[{"count":1,"href":"https:\/\/eldiariodesanpedro.com.ar\/sitio\/wp-json\/wp\/v2\/posts\/123608\/revisions"}],"predecessor-version":[{"id":123610,"href":"https:\/\/eldiariodesanpedro.com.ar\/sitio\/wp-json\/wp\/v2\/posts\/123608\/revisions\/123610"}],"wp:featuredmedia":[{"embeddable":true,"href":"https:\/\/eldiariodesanpedro.com.ar\/sitio\/wp-json\/wp\/v2\/media\/123609"}],"wp:attachment":[{"href":"https:\/\/eldiariodesanpedro.com.ar\/sitio\/wp-json\/wp\/v2\/media?parent=123608"}],"wp:term":[{"taxonomy":"category","embeddable":true,"href":"https:\/\/eldiariodesanpedro.com.ar\/sitio\/wp-json\/wp\/v2\/categories?post=123608"},{"taxonomy":"post_tag","embeddable":true,"href":"https:\/\/eldiariodesanpedro.com.ar\/sitio\/wp-json\/wp\/v2\/tags?post=123608"}],"curies":[{"name":"wp","href":"https:\/\/api.w.org\/{rel}","templated":true}]}}