{"id":123604,"date":"2023-11-06T09:56:07","date_gmt":"2023-11-06T12:56:07","guid":{"rendered":"https:\/\/eldiariodesanpedro.com.ar\/sitio\/?p=123604"},"modified":"2023-11-06T09:56:09","modified_gmt":"2023-11-06T12:56:09","slug":"edicto-de-sucesion-de-hugo-eduardo-rios","status":"publish","type":"post","link":"https:\/\/eldiariodesanpedro.com.ar\/sitio\/edicto-de-sucesion-de-hugo-eduardo-rios\/","title":{"rendered":"Edicto de Sucesi\u00f3n de\u00a0 Hugo Eduardo R\u00edos"},"content":{"rendered":"<!-- VideographyWP Plugin Message: Automatic video embedding prevented by plugin options. -->\n\n<p>El Juzgado de Paz Letrado de San Pedro, cita y emplaza por 30 d\u00edas a herederos y acreedores de don <strong>Hugo Eduardo R\u00edos<\/strong>.- San Pedro, 1\u00ba de Noviembre de 2023.-\u201c<\/p>\n\n\n\n<p>ESTEBAN OMAR PERUSINA<br>ABOGADO SECRETARIO<\/p>\n\n\n\n<p>(Publicaci\u00f3n v\u00e1lida pos los d\u00edas 06, 07 y 08 de noviembre de 2023)<br><a href=\"https:\/\/notificaciones.scba.gov.ar\/verificarnotificacion.aspx?codNotif=YQ0C52PH41T8\">https:\/\/notificaciones.scba.gov.ar\/verificarnotificacion.aspx?codNotif=YQ0C52PH41T8<\/a><\/p>\n","protected":false},"excerpt":{"rendered":"<p>El Juzgado de Paz Letrado de San Pedro, cita y emplaza por 30 d\u00edas a herederos y acreedores de don Hugo Eduardo R\u00edos.- San Pedro, 1\u00ba de Noviembre de 2023.-\u201c ESTEBAN OMAR PERUSINAABOGADO SECRETARIO (Publicaci\u00f3n v\u00e1lida pos los d\u00edas 06, 07 y 08 de noviembre de 2023)https:\/\/notificaciones.scba.gov.ar\/verificarnotificacion.aspx?codNotif=YQ0C52PH41T8<\/p>\n","protected":false},"author":4,"featured_media":102746,"comment_status":"closed","ping_status":"closed","sticky":false,"template":"","format":"standard","meta":{"om_disable_all_campaigns":false,"_jetpack_memberships_contains_paid_content":false,"footnotes":""},"categories":[676,677],"tags":[197,4581,19],"class_list":["post-123604","post","type-post","status-publish","format-standard","has-post-thumbnail","hentry","category-edictos","category-edictos-sucesorios","tag-buenos-aires","tag-edicto-de-sucesion-de-hugo-eduardo-rios","tag-san-pedro"],"aioseo_notices":[],"gutentor_comment":0,"jetpack_featured_media_url":"https:\/\/eldiariodesanpedro.com.ar\/sitio\/wp-content\/uploads\/2022\/01\/EDICTO.jpg","jetpack_shortlink":"https:\/\/wp.me\/p6RhLt-w9C","jetpack_sharing_enabled":true,"_links":{"self":[{"href":"https:\/\/eldiariodesanpedro.com.ar\/sitio\/wp-json\/wp\/v2\/posts\/123604","targetHints":{"allow":["GET"]}}],"collection":[{"href":"https:\/\/eldiariodesanpedro.com.ar\/sitio\/wp-json\/wp\/v2\/posts"}],"about":[{"href":"https:\/\/eldiariodesanpedro.com.ar\/sitio\/wp-json\/wp\/v2\/types\/post"}],"author":[{"embeddable":true,"href":"https:\/\/eldiariodesanpedro.com.ar\/sitio\/wp-json\/wp\/v2\/users\/4"}],"replies":[{"embeddable":true,"href":"https:\/\/eldiariodesanpedro.com.ar\/sitio\/wp-json\/wp\/v2\/comments?post=123604"}],"version-history":[{"count":1,"href":"https:\/\/eldiariodesanpedro.com.ar\/sitio\/wp-json\/wp\/v2\/posts\/123604\/revisions"}],"predecessor-version":[{"id":123605,"href":"https:\/\/eldiariodesanpedro.com.ar\/sitio\/wp-json\/wp\/v2\/posts\/123604\/revisions\/123605"}],"wp:featuredmedia":[{"embeddable":true,"href":"https:\/\/eldiariodesanpedro.com.ar\/sitio\/wp-json\/wp\/v2\/media\/102746"}],"wp:attachment":[{"href":"https:\/\/eldiariodesanpedro.com.ar\/sitio\/wp-json\/wp\/v2\/media?parent=123604"}],"wp:term":[{"taxonomy":"category","embeddable":true,"href":"https:\/\/eldiariodesanpedro.com.ar\/sitio\/wp-json\/wp\/v2\/categories?post=123604"},{"taxonomy":"post_tag","embeddable":true,"href":"https:\/\/eldiariodesanpedro.com.ar\/sitio\/wp-json\/wp\/v2\/tags?post=123604"}],"curies":[{"name":"wp","href":"https:\/\/api.w.org\/{rel}","templated":true}]}}