{"id":123602,"date":"2023-11-06T09:39:11","date_gmt":"2023-11-06T12:39:11","guid":{"rendered":"https:\/\/eldiariodesanpedro.com.ar\/sitio\/?p=123602"},"modified":"2023-11-06T09:39:14","modified_gmt":"2023-11-06T12:39:14","slug":"edicto-de-bonaventura-jose-salvador-c-berenguer-enrique-raul-y-otro-s-prescripcion-adquisitiva-larga","status":"publish","type":"post","link":"https:\/\/eldiariodesanpedro.com.ar\/sitio\/edicto-de-bonaventura-jose-salvador-c-berenguer-enrique-raul-y-otro-s-prescripcion-adquisitiva-larga\/","title":{"rendered":"Edicto de Bonaventura Jose Salvador C\/ Berenguer Enrique Ra\u00fal Y Otro S\/ Prescripci\u00f3n Adquisitiva Larga"},"content":{"rendered":"<!-- VideographyWP Plugin Message: Automatic video embedding prevented by plugin options. -->\n\n<p>El juzgado de Paz letrado de Baradero, Secretar\u00eda \u00danica, Dpto. Judicial de San Nicol\u00e1s, en autos \u201cBonaventura Jose Salvador C\/ Berenguer Enrique Ra\u00fal Y Otro S\/ Prescripci\u00f3n Adquisitiva Larga\u201d (Expte. 42.623\/22), cita y emplaza por el t\u00e9rmino de diez d\u00edas, a quienes se consideren con derecho sobre el inmueble, ubicado en la ciudad de Baradero Pcia. de Bs.As. sobre la Mariano Moreno N\u00b0 845, con nomenclatura catastral de origen: Cir. 2, Secc. A, Qta. 6 Mza. 6 B, Parc. 13 , partida 009-9163 e individualizado luego como parcela 13 A en el plano de posesi\u00f3n N\u00b0 9-6-2021 e individualizado luego como parcela 13 A; para que dentro del plazo de diez d\u00edas comparezcan a estar a derecho y contestar demanda, bajo apercibimiento de designarse Defensor Oficial de Ausentes que los represente.- Baradero, 01 de noviembre de 2023.-<\/p>\n\n\n\n<p>ESTEBAN OMAR PERUSINA<br>ABOGADO SECRETARIO<\/p>\n\n\n\n<p>(Publicaci\u00f3n v\u00e1lida pos los d\u00edas 06, 07 y 08 de noviembre de 2023)<br><a href=\"https:\/\/notificaciones.scba.gov.ar\/verificarnotificacion.aspx?codNotif=LP5Q08LA7PZ7\">https:\/\/notificaciones.scba.gov.ar\/verificarnotificacion.aspx?codNotif=LP5Q08LA7PZ7<\/a><\/p>\n","protected":false},"excerpt":{"rendered":"<p>El juzgado de Paz letrado de Baradero, Secretar\u00eda \u00danica, Dpto. Judicial de San Nicol\u00e1s, en autos \u201cBonaventura Jose Salvador C\/ Berenguer Enrique Ra\u00fal Y Otro S\/ Prescripci\u00f3n Adquisitiva Larga\u201d (Expte. 42.623\/22), cita y emplaza por el t\u00e9rmino de diez d\u00edas, a quienes se consideren con derecho sobre el inmueble, ubicado en la ciudad de Baradero [&hellip;]<\/p>\n","protected":false},"author":4,"featured_media":102746,"comment_status":"closed","ping_status":"closed","sticky":false,"template":"","format":"standard","meta":{"om_disable_all_campaigns":false,"_jetpack_memberships_contains_paid_content":false,"footnotes":""},"categories":[676,1124],"tags":[197,4580,19],"class_list":["post-123602","post","type-post","status-publish","format-standard","has-post-thumbnail","hentry","category-edictos","category-edictos-especiales","tag-buenos-aires","tag-edicto-de-bonaventura-jose-salvador-c-berenguer-enrique-raul-y-otro-s-prescripcion-adquisitiva-larga","tag-san-pedro"],"aioseo_notices":[],"gutentor_comment":0,"jetpack_featured_media_url":"https:\/\/eldiariodesanpedro.com.ar\/sitio\/wp-content\/uploads\/2022\/01\/EDICTO.jpg","jetpack_shortlink":"https:\/\/wp.me\/p6RhLt-w9A","jetpack_sharing_enabled":true,"_links":{"self":[{"href":"https:\/\/eldiariodesanpedro.com.ar\/sitio\/wp-json\/wp\/v2\/posts\/123602","targetHints":{"allow":["GET"]}}],"collection":[{"href":"https:\/\/eldiariodesanpedro.com.ar\/sitio\/wp-json\/wp\/v2\/posts"}],"about":[{"href":"https:\/\/eldiariodesanpedro.com.ar\/sitio\/wp-json\/wp\/v2\/types\/post"}],"author":[{"embeddable":true,"href":"https:\/\/eldiariodesanpedro.com.ar\/sitio\/wp-json\/wp\/v2\/users\/4"}],"replies":[{"embeddable":true,"href":"https:\/\/eldiariodesanpedro.com.ar\/sitio\/wp-json\/wp\/v2\/comments?post=123602"}],"version-history":[{"count":1,"href":"https:\/\/eldiariodesanpedro.com.ar\/sitio\/wp-json\/wp\/v2\/posts\/123602\/revisions"}],"predecessor-version":[{"id":123603,"href":"https:\/\/eldiariodesanpedro.com.ar\/sitio\/wp-json\/wp\/v2\/posts\/123602\/revisions\/123603"}],"wp:featuredmedia":[{"embeddable":true,"href":"https:\/\/eldiariodesanpedro.com.ar\/sitio\/wp-json\/wp\/v2\/media\/102746"}],"wp:attachment":[{"href":"https:\/\/eldiariodesanpedro.com.ar\/sitio\/wp-json\/wp\/v2\/media?parent=123602"}],"wp:term":[{"taxonomy":"category","embeddable":true,"href":"https:\/\/eldiariodesanpedro.com.ar\/sitio\/wp-json\/wp\/v2\/categories?post=123602"},{"taxonomy":"post_tag","embeddable":true,"href":"https:\/\/eldiariodesanpedro.com.ar\/sitio\/wp-json\/wp\/v2\/tags?post=123602"}],"curies":[{"name":"wp","href":"https:\/\/api.w.org\/{rel}","templated":true}]}}