{"id":12360,"date":"2017-01-06T19:13:17","date_gmt":"2017-01-06T22:13:17","guid":{"rendered":"https:\/\/eldiariodesanpedro.com.ar\/sitio\/?p=12360"},"modified":"2017-01-06T19:13:17","modified_gmt":"2017-01-06T22:13:17","slug":"baradero-con-los-votos-del-frp-se-aumentaron-las-tasas-municipales-un-40","status":"publish","type":"post","link":"https:\/\/eldiariodesanpedro.com.ar\/sitio\/baradero-con-los-votos-del-frp-se-aumentaron-las-tasas-municipales-un-40\/","title":{"rendered":"BARADERO: Con los votos del FRP, se aumentaron las tasas municipales un 40%"},"content":{"rendered":"<p><!-- VideographyWP Plugin Message: Automatic video embedding prevented by plugin options. --><br \/>\nFinalmente se pudo llevar adelante la asamblea de concejales y mayores contribuyentes que hab\u00eda sido convocada por segunda vez. Con el apoyo del FRP, las tasas se aumentaron. Tambi\u00e9n, de igual forma, se aprob\u00f3 el presupuesto 2017.<\/p>\n<p>Esta vez, los mayores contribuyentes no solo dieron el qu\u00f3rum legal para sesionar, sino que adem\u00e1s los nueve presentes votaron en forma positiva el aumento.<\/p>\n<p>Por parte de los concejales, quienes votaron en contra, sosteniendo la ilegalidad de los pasos dados hasta llegar a la votaci\u00f3n, fueron los concejales del Frente Para la Victoria junto al concejal del Frente Renovador, Bruno Di Pasqua.<\/p>\n<p>El cambio en el voto del bloque del Frente Renovador Peronista, liderado por Juan Domingo \u201cPeteco\u201d Morales, gener\u00f3 muchas molestias entre los presentes, lo que oblig\u00f3 al presidente del cuerpo a solicitar silencio en reiteradas situaciones para que \u00e9ste edil pueda expresar el porqu\u00e9 de su voto a favor del aumento de Antonijevic.<\/p>\n<p>Se gener\u00f3 una excepci\u00f3n para la llamada zona amarilla, en donde los aumentos que se vinculan a los servicios p\u00fablicos se aumentar\u00e1n un 25%. (Tu L\u00ednea Directa).<\/p>\n","protected":false},"excerpt":{"rendered":"<p>Finalmente se pudo llevar adelante la asamblea de concejales y mayores contribuyentes que hab\u00eda sido convocada por segunda vez. Con el apoyo del FRP, las tasas se aumentaron. Tambi\u00e9n, de igual forma, se aprob\u00f3 el presupuesto 2017. Esta vez, los mayores contribuyentes no solo dieron el qu\u00f3rum legal para sesionar, sino que adem\u00e1s los nueve [&hellip;]<\/p>\n","protected":false},"author":4,"featured_media":12361,"comment_status":"open","ping_status":"closed","sticky":false,"template":"","format":"standard","meta":{"om_disable_all_campaigns":false,"_jetpack_memberships_contains_paid_content":false,"footnotes":""},"categories":[621],"tags":[],"class_list":["post-12360","post","type-post","status-publish","format-standard","has-post-thumbnail","hentry","category-regionales"],"aioseo_notices":[],"gutentor_comment":0,"jetpack_featured_media_url":"https:\/\/eldiariodesanpedro.com.ar\/sitio\/wp-content\/uploads\/2017\/01\/Con-el-apoyo-del-FRP-finalmente-se-aumentaron-las-tasas.jpg","jetpack_shortlink":"https:\/\/wp.me\/p6RhLt-3dm","jetpack_sharing_enabled":true,"_links":{"self":[{"href":"https:\/\/eldiariodesanpedro.com.ar\/sitio\/wp-json\/wp\/v2\/posts\/12360","targetHints":{"allow":["GET"]}}],"collection":[{"href":"https:\/\/eldiariodesanpedro.com.ar\/sitio\/wp-json\/wp\/v2\/posts"}],"about":[{"href":"https:\/\/eldiariodesanpedro.com.ar\/sitio\/wp-json\/wp\/v2\/types\/post"}],"author":[{"embeddable":true,"href":"https:\/\/eldiariodesanpedro.com.ar\/sitio\/wp-json\/wp\/v2\/users\/4"}],"replies":[{"embeddable":true,"href":"https:\/\/eldiariodesanpedro.com.ar\/sitio\/wp-json\/wp\/v2\/comments?post=12360"}],"version-history":[{"count":1,"href":"https:\/\/eldiariodesanpedro.com.ar\/sitio\/wp-json\/wp\/v2\/posts\/12360\/revisions"}],"predecessor-version":[{"id":12362,"href":"https:\/\/eldiariodesanpedro.com.ar\/sitio\/wp-json\/wp\/v2\/posts\/12360\/revisions\/12362"}],"wp:featuredmedia":[{"embeddable":true,"href":"https:\/\/eldiariodesanpedro.com.ar\/sitio\/wp-json\/wp\/v2\/media\/12361"}],"wp:attachment":[{"href":"https:\/\/eldiariodesanpedro.com.ar\/sitio\/wp-json\/wp\/v2\/media?parent=12360"}],"wp:term":[{"taxonomy":"category","embeddable":true,"href":"https:\/\/eldiariodesanpedro.com.ar\/sitio\/wp-json\/wp\/v2\/categories?post=12360"},{"taxonomy":"post_tag","embeddable":true,"href":"https:\/\/eldiariodesanpedro.com.ar\/sitio\/wp-json\/wp\/v2\/tags?post=12360"}],"curies":[{"name":"wp","href":"https:\/\/api.w.org\/{rel}","templated":true}]}}