{"id":123599,"date":"2023-11-03T14:18:48","date_gmt":"2023-11-03T17:18:48","guid":{"rendered":"https:\/\/eldiariodesanpedro.com.ar\/sitio\/?p=123599"},"modified":"2023-11-03T14:18:51","modified_gmt":"2023-11-03T17:18:51","slug":"jornada-de-asesoramiento-e-inscripcion-del-programa-fomentar-empleo","status":"publish","type":"post","link":"https:\/\/eldiariodesanpedro.com.ar\/sitio\/jornada-de-asesoramiento-e-inscripcion-del-programa-fomentar-empleo\/","title":{"rendered":"Jornada de asesoramiento e inscripci\u00f3n del Programa Fomentar Empleo"},"content":{"rendered":"<!-- VideographyWP Plugin Message: Automatic video embedding prevented by plugin options. -->\n\n<p>La Municipalidad de San Pedro, a trav\u00e9s de la Oficina de Empleo informa que se desarrollar\u00e1 el pr\u00f3ximo martes 7 de noviembre de 9 a 14 horas, en la Delegaci\u00f3n Municipal de R\u00edo Tala, ubicada en Schallibaung 260, una jornada de atenci\u00f3n y asesoramiento del programa Fomentar Empleo.<\/p>\n\n\n\n<p>El objetivo de esta pol\u00edtica que desarrolla el Ministerio de Trabajo, Empleo y Seguridad Social de la Naci\u00f3n es la de asistir a quienes poseen dificultades de acceso a empleos formales a trav\u00e9s de acciones que mejoren sus competencias laborales y faciliten su inserci\u00f3n en empleos de calidad.<\/p>\n\n\n\n<p>El programa est\u00e1 destinado a todas las personas entre 18 y 64 a\u00f1os (inclusive) que se encuentren desocupadas, es decir, que no cuenten con ingresos registrados en los \u00faltimos 3 meses al momento de postularse al Programa.<\/p>\n\n\n\n<p>Durante la actividad se ofrecer\u00e1 informaci\u00f3n y asesoramiento respecto de los programas de empleo vigentes que se pueden consultar desde la Oficina de Empleo de la Municipalidad de San Pedro ubicada en Ayacucho N\u00ba 299.<\/p>\n\n\n\n<p>Para m\u00e1s informaci\u00f3n sobre este programa y otras campa\u00f1as relacionadas pueden contactarse al mail empleo@sanpedro.gob.ar o por WhatsApp al&nbsp;3329&nbsp;63-9210.<\/p>\n","protected":false},"excerpt":{"rendered":"<p>La Municipalidad de San Pedro, a trav\u00e9s de la Oficina de Empleo informa que se desarrollar\u00e1 el pr\u00f3ximo martes 7 de noviembre de 9 a 14 horas, en la Delegaci\u00f3n Municipal de R\u00edo Tala, ubicada en Schallibaung 260, una jornada de atenci\u00f3n y asesoramiento del programa Fomentar Empleo. El objetivo de esta pol\u00edtica que desarrolla [&hellip;]<\/p>\n","protected":false},"author":4,"featured_media":123600,"comment_status":"closed","ping_status":"closed","sticky":false,"template":"","format":"standard","meta":{"om_disable_all_campaigns":false,"_jetpack_memberships_contains_paid_content":false,"footnotes":""},"categories":[101,2],"tags":[197,33,19],"class_list":["post-123599","post","type-post","status-publish","format-standard","has-post-thumbnail","hentry","category-interes-general-locales","category-locales","tag-buenos-aires","tag-locales","tag-san-pedro"],"aioseo_notices":[],"gutentor_comment":0,"jetpack_featured_media_url":"https:\/\/eldiariodesanpedro.com.ar\/sitio\/wp-content\/uploads\/2023\/11\/medida-5.png","jetpack_shortlink":"https:\/\/wp.me\/p6RhLt-w9x","jetpack_sharing_enabled":true,"_links":{"self":[{"href":"https:\/\/eldiariodesanpedro.com.ar\/sitio\/wp-json\/wp\/v2\/posts\/123599","targetHints":{"allow":["GET"]}}],"collection":[{"href":"https:\/\/eldiariodesanpedro.com.ar\/sitio\/wp-json\/wp\/v2\/posts"}],"about":[{"href":"https:\/\/eldiariodesanpedro.com.ar\/sitio\/wp-json\/wp\/v2\/types\/post"}],"author":[{"embeddable":true,"href":"https:\/\/eldiariodesanpedro.com.ar\/sitio\/wp-json\/wp\/v2\/users\/4"}],"replies":[{"embeddable":true,"href":"https:\/\/eldiariodesanpedro.com.ar\/sitio\/wp-json\/wp\/v2\/comments?post=123599"}],"version-history":[{"count":1,"href":"https:\/\/eldiariodesanpedro.com.ar\/sitio\/wp-json\/wp\/v2\/posts\/123599\/revisions"}],"predecessor-version":[{"id":123601,"href":"https:\/\/eldiariodesanpedro.com.ar\/sitio\/wp-json\/wp\/v2\/posts\/123599\/revisions\/123601"}],"wp:featuredmedia":[{"embeddable":true,"href":"https:\/\/eldiariodesanpedro.com.ar\/sitio\/wp-json\/wp\/v2\/media\/123600"}],"wp:attachment":[{"href":"https:\/\/eldiariodesanpedro.com.ar\/sitio\/wp-json\/wp\/v2\/media?parent=123599"}],"wp:term":[{"taxonomy":"category","embeddable":true,"href":"https:\/\/eldiariodesanpedro.com.ar\/sitio\/wp-json\/wp\/v2\/categories?post=123599"},{"taxonomy":"post_tag","embeddable":true,"href":"https:\/\/eldiariodesanpedro.com.ar\/sitio\/wp-json\/wp\/v2\/tags?post=123599"}],"curies":[{"name":"wp","href":"https:\/\/api.w.org\/{rel}","templated":true}]}}