{"id":123591,"date":"2023-11-03T13:37:05","date_gmt":"2023-11-03T16:37:05","guid":{"rendered":"https:\/\/eldiariodesanpedro.com.ar\/sitio\/?p=123591"},"modified":"2023-11-03T13:37:07","modified_gmt":"2023-11-03T16:37:07","slug":"un-detenido-y-allanamientos-en-junin-por-una-investigacion-iniciada-en-san-pedro","status":"publish","type":"post","link":"https:\/\/eldiariodesanpedro.com.ar\/sitio\/un-detenido-y-allanamientos-en-junin-por-una-investigacion-iniciada-en-san-pedro\/","title":{"rendered":"Un detenido y allanamientos en Jun\u00edn por una investigaci\u00f3n iniciada en San Pedro"},"content":{"rendered":"<!-- VideographyWP Plugin Message: Automatic video embedding prevented by plugin options. -->\n\n<p>Una denuncia efectuada por empresarios que operan en el puerto de San Pedro por presuntas irregularidades en las cargas, dio origen a una causa por la que se realizaron diversos allanamientos en la ciudad de Jun\u00edn.&nbsp;<\/p>\n\n\n\n<p>Tomaron intervenci\u00f3n efectivos de la DDI San Nicol\u00e1s, Sub DDI Baradero y San Pedro; la UFI 7 de San Pedro y UFI 6 de Jun\u00edn, de acuerdo a lo consignado por el diario El Informante de San Nicol\u00e1s.<\/p>\n\n\n\n<p>Durante los procedimientos, secuestraron un cami\u00f3n Iveco patente LQG-025 con semiremolque (patente CJL-013), tres una pistola Bersa Thunder 9 mm, un rev\u00f3lver calibre 22 largo Bagual y un calibre 22 corto de la misma marca. Tambi\u00e9n se incautaron 188 proyectiles calibre 9 mm y 54 calibre 22.<\/p>\n\n\n\n<p><ins><\/ins>Un hombre de 55 a\u00f1os fue aprehendido y qued\u00f3 a disposici\u00f3n de la Justicia en el marco de la causa caratulada como \u00abAdministraci\u00f3n fraudulenta, tenencia ilegal de arma de uso civil y tenencia ilegal de arma de fuego\u00bb.<\/p>\n","protected":false},"excerpt":{"rendered":"<p>Una denuncia efectuada por empresarios que operan en el puerto de San Pedro por presuntas irregularidades en las cargas, dio origen a una causa por la que se realizaron diversos allanamientos en la ciudad de Jun\u00edn.&nbsp; Tomaron intervenci\u00f3n efectivos de la DDI San Nicol\u00e1s, Sub DDI Baradero y San Pedro; la UFI 7 de San [&hellip;]<\/p>\n","protected":false},"author":4,"featured_media":123592,"comment_status":"closed","ping_status":"closed","sticky":false,"template":"","format":"standard","meta":{"om_disable_all_campaigns":false,"_jetpack_memberships_contains_paid_content":false,"footnotes":""},"categories":[2,103],"tags":[197,33,95,19],"class_list":["post-123591","post","type-post","status-publish","format-standard","has-post-thumbnail","hentry","category-locales","category-policiales-locales","tag-buenos-aires","tag-locales","tag-policiales","tag-san-pedro"],"aioseo_notices":[],"gutentor_comment":0,"jetpack_featured_media_url":"https:\/\/eldiariodesanpedro.com.ar\/sitio\/wp-content\/uploads\/2023\/11\/Armas-camion.jpg","jetpack_shortlink":"https:\/\/wp.me\/p6RhLt-w9p","jetpack_sharing_enabled":true,"_links":{"self":[{"href":"https:\/\/eldiariodesanpedro.com.ar\/sitio\/wp-json\/wp\/v2\/posts\/123591","targetHints":{"allow":["GET"]}}],"collection":[{"href":"https:\/\/eldiariodesanpedro.com.ar\/sitio\/wp-json\/wp\/v2\/posts"}],"about":[{"href":"https:\/\/eldiariodesanpedro.com.ar\/sitio\/wp-json\/wp\/v2\/types\/post"}],"author":[{"embeddable":true,"href":"https:\/\/eldiariodesanpedro.com.ar\/sitio\/wp-json\/wp\/v2\/users\/4"}],"replies":[{"embeddable":true,"href":"https:\/\/eldiariodesanpedro.com.ar\/sitio\/wp-json\/wp\/v2\/comments?post=123591"}],"version-history":[{"count":1,"href":"https:\/\/eldiariodesanpedro.com.ar\/sitio\/wp-json\/wp\/v2\/posts\/123591\/revisions"}],"predecessor-version":[{"id":123593,"href":"https:\/\/eldiariodesanpedro.com.ar\/sitio\/wp-json\/wp\/v2\/posts\/123591\/revisions\/123593"}],"wp:featuredmedia":[{"embeddable":true,"href":"https:\/\/eldiariodesanpedro.com.ar\/sitio\/wp-json\/wp\/v2\/media\/123592"}],"wp:attachment":[{"href":"https:\/\/eldiariodesanpedro.com.ar\/sitio\/wp-json\/wp\/v2\/media?parent=123591"}],"wp:term":[{"taxonomy":"category","embeddable":true,"href":"https:\/\/eldiariodesanpedro.com.ar\/sitio\/wp-json\/wp\/v2\/categories?post=123591"},{"taxonomy":"post_tag","embeddable":true,"href":"https:\/\/eldiariodesanpedro.com.ar\/sitio\/wp-json\/wp\/v2\/tags?post=123591"}],"curies":[{"name":"wp","href":"https:\/\/api.w.org\/{rel}","templated":true}]}}