{"id":123589,"date":"2023-11-03T13:03:10","date_gmt":"2023-11-03T16:03:10","guid":{"rendered":"https:\/\/eldiariodesanpedro.com.ar\/sitio\/?p=123589"},"modified":"2023-11-03T13:03:13","modified_gmt":"2023-11-03T16:03:13","slug":"se-acerca-la-creciente-e-intentan-salvar-mas-de-24-mil-cabezas-de-ganado-que-estan-en-islas","status":"publish","type":"post","link":"https:\/\/eldiariodesanpedro.com.ar\/sitio\/se-acerca-la-creciente-e-intentan-salvar-mas-de-24-mil-cabezas-de-ganado-que-estan-en-islas\/","title":{"rendered":"Se acerca la creciente e intentan salvar m\u00e1s de 24 mil cabezas de ganado que est\u00e1n en islas"},"content":{"rendered":"<!-- VideographyWP Plugin Message: Automatic video embedding prevented by plugin options. -->\n\n<p>El caudal de agua en los R\u00edos Paran\u00e1 y Uruguay, sumado a los vientos del sudeste de las \u00faltimas horas, pusieron en alerta a los productores que tienen ganado en las islas del Delta.&nbsp;<\/p>\n\n\n\n<p>En las \u00faltimas horas, la Sociedad Rural de San Pedro lanz\u00f3 una convocatoria pidiendo campos para traslado de hacienda desde zonas bajas y territorio insular.&nbsp;<\/p>\n\n\n\n<p>\u00abSe complic\u00f3 en poco tiempo. Hace cuatro o cinco d\u00edas Iguaz\u00fa est\u00e1 muy alto, y hay preocupaci\u00f3n por el Uruguay y la sudestada, porque no desagota el r\u00edo y puede haber complicaciones\u00bb explic\u00f3 el dirigente Ra\u00fal&nbsp; Victores.&nbsp;<\/p>\n\n\n\n<p><ins><\/ins>El ruralista confirm\u00f3 que la instituci\u00f3n realizar\u00e1 un pedido formal al Consorcio de Gesti\u00f3n del Puerto de San Pedro para la descarga de animales en ese sector de la costa. \u00abPedimos que revitalicen un acuerdo alcanzado en el 2008 para poder descargar hacienda. No tenemos otra alternativa, porque jam\u00e1s se pudo resolver el tema de un espacio apropiado para las balsas y con las lluvias es imposible que los camiones con ganado salgan por caminos de tierra\u00bb explic\u00f3.<\/p>\n\n\n\n<p>En total, estim\u00f3 Victores, hay alrededor de 24 mil cabezas de ganado en islas, con el agravante de que se produjo un ingreso significativo en los \u00faltimos diez d\u00edas. A esto debe sumarse la dificultad de que, en la actualidad, solo tres o cuatro barcazas est\u00e1n operativas en nuestra zona, cada una de ellas con capacidad de carga de unos 120 a 140 animales.&nbsp;<\/p>\n","protected":false},"excerpt":{"rendered":"<p>El caudal de agua en los R\u00edos Paran\u00e1 y Uruguay, sumado a los vientos del sudeste de las \u00faltimas horas, pusieron en alerta a los productores que tienen ganado en las islas del Delta.&nbsp; En las \u00faltimas horas, la Sociedad Rural de San Pedro lanz\u00f3 una convocatoria pidiendo campos para traslado de hacienda desde zonas [&hellip;]<\/p>\n","protected":false},"author":4,"featured_media":123577,"comment_status":"closed","ping_status":"closed","sticky":false,"template":"","format":"standard","meta":{"om_disable_all_campaigns":false,"_jetpack_memberships_contains_paid_content":false,"footnotes":""},"categories":[50,101,2],"tags":[4579],"class_list":["post-123589","post","type-post","status-publish","format-standard","has-post-thumbnail","hentry","category-destacadas","category-interes-general-locales","category-locales","tag-se-acerca-la-creciente-e-intentan-salvar-mas-de-24-mil-cabezas-de-ganado-que-estan-en-islas"],"aioseo_notices":[],"gutentor_comment":0,"jetpack_featured_media_url":"https:\/\/eldiariodesanpedro.com.ar\/sitio\/wp-content\/uploads\/2023\/11\/Imagen-de-WhatsApp-2023-11-02-a-las-16.47.54_f16c4310.jpg","jetpack_shortlink":"https:\/\/wp.me\/p6RhLt-w9n","jetpack_sharing_enabled":true,"_links":{"self":[{"href":"https:\/\/eldiariodesanpedro.com.ar\/sitio\/wp-json\/wp\/v2\/posts\/123589","targetHints":{"allow":["GET"]}}],"collection":[{"href":"https:\/\/eldiariodesanpedro.com.ar\/sitio\/wp-json\/wp\/v2\/posts"}],"about":[{"href":"https:\/\/eldiariodesanpedro.com.ar\/sitio\/wp-json\/wp\/v2\/types\/post"}],"author":[{"embeddable":true,"href":"https:\/\/eldiariodesanpedro.com.ar\/sitio\/wp-json\/wp\/v2\/users\/4"}],"replies":[{"embeddable":true,"href":"https:\/\/eldiariodesanpedro.com.ar\/sitio\/wp-json\/wp\/v2\/comments?post=123589"}],"version-history":[{"count":1,"href":"https:\/\/eldiariodesanpedro.com.ar\/sitio\/wp-json\/wp\/v2\/posts\/123589\/revisions"}],"predecessor-version":[{"id":123590,"href":"https:\/\/eldiariodesanpedro.com.ar\/sitio\/wp-json\/wp\/v2\/posts\/123589\/revisions\/123590"}],"wp:featuredmedia":[{"embeddable":true,"href":"https:\/\/eldiariodesanpedro.com.ar\/sitio\/wp-json\/wp\/v2\/media\/123577"}],"wp:attachment":[{"href":"https:\/\/eldiariodesanpedro.com.ar\/sitio\/wp-json\/wp\/v2\/media?parent=123589"}],"wp:term":[{"taxonomy":"category","embeddable":true,"href":"https:\/\/eldiariodesanpedro.com.ar\/sitio\/wp-json\/wp\/v2\/categories?post=123589"},{"taxonomy":"post_tag","embeddable":true,"href":"https:\/\/eldiariodesanpedro.com.ar\/sitio\/wp-json\/wp\/v2\/tags?post=123589"}],"curies":[{"name":"wp","href":"https:\/\/api.w.org\/{rel}","templated":true}]}}