{"id":123576,"date":"2023-11-02T16:55:56","date_gmt":"2023-11-02T19:55:56","guid":{"rendered":"https:\/\/eldiariodesanpedro.com.ar\/sitio\/?p=123576"},"modified":"2023-11-02T16:55:58","modified_gmt":"2023-11-02T19:55:58","slug":"por-la-creciente-se-autorizo-la-descarga-de-hacienda-en-el-puerto-de-san-pedro-para-el-traslado-desde-la-zona-de-islas","status":"publish","type":"post","link":"https:\/\/eldiariodesanpedro.com.ar\/sitio\/por-la-creciente-se-autorizo-la-descarga-de-hacienda-en-el-puerto-de-san-pedro-para-el-traslado-desde-la-zona-de-islas\/","title":{"rendered":"Por la creciente, se autoriz\u00f3 la descarga de hacienda en el Puerto de San Pedro para el traslado desde la zona de islas"},"content":{"rendered":"<!-- VideographyWP Plugin Message: Automatic video embedding prevented by plugin options. -->\n\n<p>La Municipalidad de San Pedro informa que ante la recepci\u00f3n en el Consorcio de Gesti\u00f3n del Puerto, de una solicitud de la Sociedad Rural local, para facilitar un sector para la descarga de hacienda transportada en barcazas desde la zona de islas, se concret\u00f3 esta ma\u00f1ana un encuentro en el que se resolvi\u00f3 dar curso al pedido e iniciar el operativo.<\/p>\n\n\n\n<p>Los secretarios de Gobierno, Mart\u00edn Baraybar y de Servicios P\u00fablicos, Ariel \u00c1lvarez, junto al Presidente del Consorcio, Eliseo Almada; el Presidente de la Sociedad Rural, Edgardo Salmoiraghi y la veterinaria Mar\u00eda Laura Fortuny del SENASA San Pedro, coordinaron los detalles para responder a esta emergencia ante los efectos de la sudestada, las lluvias y la crecida de los r\u00edos Uruguay y Paran\u00e1.<\/p>\n\n\n\n<p>Desde el mediod\u00eda, con la autorizaci\u00f3n correspondiente de la Prefectura San Pedro, en el espig\u00f3n N\u00b02 de la d\u00e1rsena de cabotaje, los camiones ingresan a esperar las barcazas que trasladan la hacienda proveniente de la zona de islas hacia campos de San Pedro&nbsp;y&nbsp;alrededores.<\/p>\n\n\n\n<figure class=\"wp-block-image size-large\"><img decoding=\"async\" width=\"1024\" height=\"512\" data-attachment-id=\"123577\" data-permalink=\"https:\/\/eldiariodesanpedro.com.ar\/sitio\/por-la-creciente-se-autorizo-la-descarga-de-hacienda-en-el-puerto-de-san-pedro-para-el-traslado-desde-la-zona-de-islas\/imagen-de-whatsapp-2023-11-02-a-las-16-47-54_f16c4310\/\" data-orig-file=\"https:\/\/eldiariodesanpedro.com.ar\/sitio\/wp-content\/uploads\/2023\/11\/Imagen-de-WhatsApp-2023-11-02-a-las-16.47.54_f16c4310.jpg\" data-orig-size=\"1200,600\" data-comments-opened=\"0\" data-image-meta=\"{&quot;aperture&quot;:&quot;0&quot;,&quot;credit&quot;:&quot;&quot;,&quot;camera&quot;:&quot;&quot;,&quot;caption&quot;:&quot;&quot;,&quot;created_timestamp&quot;:&quot;0&quot;,&quot;copyright&quot;:&quot;&quot;,&quot;focal_length&quot;:&quot;0&quot;,&quot;iso&quot;:&quot;0&quot;,&quot;shutter_speed&quot;:&quot;0&quot;,&quot;title&quot;:&quot;&quot;,&quot;orientation&quot;:&quot;0&quot;}\" data-image-title=\"Imagen de WhatsApp 2023-11-02 a las 16.47.54_f16c4310\" data-image-description=\"\" data-image-caption=\"\" data-large-file=\"https:\/\/eldiariodesanpedro.com.ar\/sitio\/wp-content\/uploads\/2023\/11\/Imagen-de-WhatsApp-2023-11-02-a-las-16.47.54_f16c4310-1024x512.jpg\" data-src=\"https:\/\/eldiariodesanpedro.com.ar\/sitio\/wp-content\/uploads\/2023\/11\/Imagen-de-WhatsApp-2023-11-02-a-las-16.47.54_f16c4310-1024x512.jpg\" alt=\"\" class=\"wp-image-123577 lazyload\" data-srcset=\"https:\/\/eldiariodesanpedro.com.ar\/sitio\/wp-content\/uploads\/2023\/11\/Imagen-de-WhatsApp-2023-11-02-a-las-16.47.54_f16c4310-1024x512.jpg 1024w, https:\/\/eldiariodesanpedro.com.ar\/sitio\/wp-content\/uploads\/2023\/11\/Imagen-de-WhatsApp-2023-11-02-a-las-16.47.54_f16c4310-300x150.jpg 300w, https:\/\/eldiariodesanpedro.com.ar\/sitio\/wp-content\/uploads\/2023\/11\/Imagen-de-WhatsApp-2023-11-02-a-las-16.47.54_f16c4310-768x384.jpg 768w, https:\/\/eldiariodesanpedro.com.ar\/sitio\/wp-content\/uploads\/2023\/11\/Imagen-de-WhatsApp-2023-11-02-a-las-16.47.54_f16c4310.jpg 1200w\" data-sizes=\"(max-width: 1024px) 100vw, 1024px\" src=\"data:image\/svg+xml;base64,PHN2ZyB3aWR0aD0iMSIgaGVpZ2h0PSIxIiB4bWxucz0iaHR0cDovL3d3dy53My5vcmcvMjAwMC9zdmciPjwvc3ZnPg==\" style=\"--smush-placeholder-width: 1024px; --smush-placeholder-aspect-ratio: 1024\/512;\" \/><\/figure>\n","protected":false},"excerpt":{"rendered":"<p>La Municipalidad de San Pedro informa que ante la recepci\u00f3n en el Consorcio de Gesti\u00f3n del Puerto, de una solicitud de la Sociedad Rural local, para facilitar un sector para la descarga de hacienda transportada en barcazas desde la zona de islas, se concret\u00f3 esta ma\u00f1ana un encuentro en el que se resolvi\u00f3 dar curso [&hellip;]<\/p>\n","protected":false},"author":4,"featured_media":123578,"comment_status":"closed","ping_status":"closed","sticky":false,"template":"","format":"standard","meta":{"om_disable_all_campaigns":false,"_jetpack_memberships_contains_paid_content":false,"footnotes":""},"categories":[50,101,2],"tags":[4576,4577],"class_list":["post-123576","post","type-post","status-publish","format-standard","has-post-thumbnail","hentry","category-destacadas","category-interes-general-locales","category-locales","tag-por-la-creciente","tag-se-autorizo-la-descarga-de-hacienda-en-el-puerto-de-san-pedro-para-el-traslado-desde-la-zona-de-islas"],"aioseo_notices":[],"gutentor_comment":0,"jetpack_featured_media_url":"https:\/\/eldiariodesanpedro.com.ar\/sitio\/wp-content\/uploads\/2023\/11\/Imagen-de-WhatsApp-2023-11-02-a-las-16.47.56_9fe333f4.jpg","jetpack_shortlink":"https:\/\/wp.me\/p6RhLt-w9a","jetpack_sharing_enabled":true,"_links":{"self":[{"href":"https:\/\/eldiariodesanpedro.com.ar\/sitio\/wp-json\/wp\/v2\/posts\/123576","targetHints":{"allow":["GET"]}}],"collection":[{"href":"https:\/\/eldiariodesanpedro.com.ar\/sitio\/wp-json\/wp\/v2\/posts"}],"about":[{"href":"https:\/\/eldiariodesanpedro.com.ar\/sitio\/wp-json\/wp\/v2\/types\/post"}],"author":[{"embeddable":true,"href":"https:\/\/eldiariodesanpedro.com.ar\/sitio\/wp-json\/wp\/v2\/users\/4"}],"replies":[{"embeddable":true,"href":"https:\/\/eldiariodesanpedro.com.ar\/sitio\/wp-json\/wp\/v2\/comments?post=123576"}],"version-history":[{"count":1,"href":"https:\/\/eldiariodesanpedro.com.ar\/sitio\/wp-json\/wp\/v2\/posts\/123576\/revisions"}],"predecessor-version":[{"id":123579,"href":"https:\/\/eldiariodesanpedro.com.ar\/sitio\/wp-json\/wp\/v2\/posts\/123576\/revisions\/123579"}],"wp:featuredmedia":[{"embeddable":true,"href":"https:\/\/eldiariodesanpedro.com.ar\/sitio\/wp-json\/wp\/v2\/media\/123578"}],"wp:attachment":[{"href":"https:\/\/eldiariodesanpedro.com.ar\/sitio\/wp-json\/wp\/v2\/media?parent=123576"}],"wp:term":[{"taxonomy":"category","embeddable":true,"href":"https:\/\/eldiariodesanpedro.com.ar\/sitio\/wp-json\/wp\/v2\/categories?post=123576"},{"taxonomy":"post_tag","embeddable":true,"href":"https:\/\/eldiariodesanpedro.com.ar\/sitio\/wp-json\/wp\/v2\/tags?post=123576"}],"curies":[{"name":"wp","href":"https:\/\/api.w.org\/{rel}","templated":true}]}}