{"id":123573,"date":"2023-11-02T16:41:21","date_gmt":"2023-11-02T19:41:21","guid":{"rendered":"https:\/\/eldiariodesanpedro.com.ar\/sitio\/?p=123573"},"modified":"2023-11-02T16:41:30","modified_gmt":"2023-11-02T19:41:30","slug":"un-delincuente-aprehendido-por-ingresar-en-una-vivienda","status":"publish","type":"post","link":"https:\/\/eldiariodesanpedro.com.ar\/sitio\/un-delincuente-aprehendido-por-ingresar-en-una-vivienda\/","title":{"rendered":"Un delincuente aprehendido por ingresar en una vivienda"},"content":{"rendered":"<!-- VideographyWP Plugin Message: Automatic video embedding prevented by plugin options. -->\n\n<p>A la primera hora de la ma\u00f1ana de hoy el personal de la estaci\u00f3n de polic\u00eda comunal de San Pedro realiza la aprehensi\u00f3n de un masculino de 23 a\u00f1os, quien habr\u00eda ingresa a domicilio ubicado en calle Mateo Sbert saltando tapial donde sustrajo elementos varios del interior de la vivienda, circunstancias que fueron registrados por c\u00e1maras particular de su domicilio.<br>Intervine magistratura local.<\/p>\n","protected":false},"excerpt":{"rendered":"<p>A la primera hora de la ma\u00f1ana de hoy el personal de la estaci\u00f3n de polic\u00eda comunal de San Pedro realiza la aprehensi\u00f3n de un masculino de 23 a\u00f1os, quien habr\u00eda ingresa a domicilio ubicado en calle Mateo Sbert saltando tapial donde sustrajo elementos varios del interior de la vivienda, circunstancias que fueron registrados por [&hellip;]<\/p>\n","protected":false},"author":4,"featured_media":123574,"comment_status":"closed","ping_status":"closed","sticky":false,"template":"","format":"standard","meta":{"om_disable_all_campaigns":false,"_jetpack_memberships_contains_paid_content":false,"footnotes":""},"categories":[2,103],"tags":[197,33,95,19],"class_list":["post-123573","post","type-post","status-publish","format-standard","has-post-thumbnail","hentry","category-locales","category-policiales-locales","tag-buenos-aires","tag-locales","tag-policiales","tag-san-pedro"],"aioseo_notices":[],"gutentor_comment":0,"jetpack_featured_media_url":"https:\/\/eldiariodesanpedro.com.ar\/sitio\/wp-content\/uploads\/2023\/11\/medida-3.png","jetpack_shortlink":"https:\/\/wp.me\/p6RhLt-w97","jetpack_sharing_enabled":true,"_links":{"self":[{"href":"https:\/\/eldiariodesanpedro.com.ar\/sitio\/wp-json\/wp\/v2\/posts\/123573","targetHints":{"allow":["GET"]}}],"collection":[{"href":"https:\/\/eldiariodesanpedro.com.ar\/sitio\/wp-json\/wp\/v2\/posts"}],"about":[{"href":"https:\/\/eldiariodesanpedro.com.ar\/sitio\/wp-json\/wp\/v2\/types\/post"}],"author":[{"embeddable":true,"href":"https:\/\/eldiariodesanpedro.com.ar\/sitio\/wp-json\/wp\/v2\/users\/4"}],"replies":[{"embeddable":true,"href":"https:\/\/eldiariodesanpedro.com.ar\/sitio\/wp-json\/wp\/v2\/comments?post=123573"}],"version-history":[{"count":1,"href":"https:\/\/eldiariodesanpedro.com.ar\/sitio\/wp-json\/wp\/v2\/posts\/123573\/revisions"}],"predecessor-version":[{"id":123575,"href":"https:\/\/eldiariodesanpedro.com.ar\/sitio\/wp-json\/wp\/v2\/posts\/123573\/revisions\/123575"}],"wp:featuredmedia":[{"embeddable":true,"href":"https:\/\/eldiariodesanpedro.com.ar\/sitio\/wp-json\/wp\/v2\/media\/123574"}],"wp:attachment":[{"href":"https:\/\/eldiariodesanpedro.com.ar\/sitio\/wp-json\/wp\/v2\/media?parent=123573"}],"wp:term":[{"taxonomy":"category","embeddable":true,"href":"https:\/\/eldiariodesanpedro.com.ar\/sitio\/wp-json\/wp\/v2\/categories?post=123573"},{"taxonomy":"post_tag","embeddable":true,"href":"https:\/\/eldiariodesanpedro.com.ar\/sitio\/wp-json\/wp\/v2\/tags?post=123573"}],"curies":[{"name":"wp","href":"https:\/\/api.w.org\/{rel}","templated":true}]}}