{"id":12357,"date":"2017-01-06T19:05:07","date_gmt":"2017-01-06T22:05:07","guid":{"rendered":"https:\/\/eldiariodesanpedro.com.ar\/sitio\/?p=12357"},"modified":"2017-01-06T19:05:07","modified_gmt":"2017-01-06T22:05:07","slug":"avanzan-las-obras-en-el-ingreso-a-vuelta-de-obligado","status":"publish","type":"post","link":"https:\/\/eldiariodesanpedro.com.ar\/sitio\/avanzan-las-obras-en-el-ingreso-a-vuelta-de-obligado\/","title":{"rendered":"Avanzan las obras en el ingreso a Vuelta de Obligado"},"content":{"rendered":"<p><!-- VideographyWP Plugin Message: Automatic video embedding prevented by plugin options. --><br \/>\nFinalmente la empresa Eligio Biscia comenz\u00f3 el martes pasado las tareas en el acceso a la localidad. Sin embargo, las constantes lluvias no permiten que se avance todo lo que se pretende. A pesar de ello, el cronograma planteado para esta semana se ha desarrollado y de a poco comienza a darse la ansiada soluci\u00f3n para los vecinos del paraje.<\/p>\n<p>Sobre ello, el subdelegado Hugo Borda cont\u00f3: \u201cArrancaron el martes desagotando la fosa, le sacaron toda el agua, el mi\u00e9rcoles no pudieron trabajar por el clima y ayer estuvieron sacando un poco de tierra de arriba de las bases que al romperse el terrapl\u00e9n quedaron tapadas\u201d. \u201cLas est\u00e1n limpiando para poder encofrar y seguir con el trabajo\u201d, asegur\u00f3. <\/p>\n<p>En cuanto al clima explic\u00f3: \u201cLamentablemente est\u00e1n dando lluvia para este domingo y lunes, espero que no ocurra\u201d.<\/p>\n<p>Cabe recordar que luego de la lluvia ca\u00edda el 25 de diciembre pasado y el desborde del arroyo Los Cueros destruy\u00f3 el ingreso provisorio que fue arreglado entre el martes y jueves de la semana pasada. \u201cEl camino alternativo est\u00e1 firme, est\u00e1 bueno. Las lluvias que cayeron los \u00faltimos d\u00edas no lo afectaron para nada. La \u00fanica forma que lo pudiera afectar si se desbordara el arroyo como ocurri\u00f3 la \u00faltima vez\u201d, se\u00f1al\u00f3 el funcionario.<\/p>\n","protected":false},"excerpt":{"rendered":"<p>Finalmente la empresa Eligio Biscia comenz\u00f3 el martes pasado las tareas en el acceso a la localidad. Sin embargo, las constantes lluvias no permiten que se avance todo lo que se pretende. A pesar de ello, el cronograma planteado para esta semana se ha desarrollado y de a poco comienza a darse la ansiada soluci\u00f3n [&hellip;]<\/p>\n","protected":false},"author":4,"featured_media":12358,"comment_status":"open","ping_status":"closed","sticky":false,"template":"","format":"standard","meta":{"om_disable_all_campaigns":false,"_jetpack_memberships_contains_paid_content":false,"footnotes":""},"categories":[101,2],"tags":[],"class_list":["post-12357","post","type-post","status-publish","format-standard","has-post-thumbnail","hentry","category-interes-general-locales","category-locales"],"aioseo_notices":[],"gutentor_comment":0,"jetpack_featured_media_url":"https:\/\/eldiariodesanpedro.com.ar\/sitio\/wp-content\/uploads\/2017\/01\/Se-retir\u00f3-el-agua-de-la-fosa.jpg","jetpack_shortlink":"https:\/\/wp.me\/p6RhLt-3dj","jetpack_sharing_enabled":true,"_links":{"self":[{"href":"https:\/\/eldiariodesanpedro.com.ar\/sitio\/wp-json\/wp\/v2\/posts\/12357","targetHints":{"allow":["GET"]}}],"collection":[{"href":"https:\/\/eldiariodesanpedro.com.ar\/sitio\/wp-json\/wp\/v2\/posts"}],"about":[{"href":"https:\/\/eldiariodesanpedro.com.ar\/sitio\/wp-json\/wp\/v2\/types\/post"}],"author":[{"embeddable":true,"href":"https:\/\/eldiariodesanpedro.com.ar\/sitio\/wp-json\/wp\/v2\/users\/4"}],"replies":[{"embeddable":true,"href":"https:\/\/eldiariodesanpedro.com.ar\/sitio\/wp-json\/wp\/v2\/comments?post=12357"}],"version-history":[{"count":1,"href":"https:\/\/eldiariodesanpedro.com.ar\/sitio\/wp-json\/wp\/v2\/posts\/12357\/revisions"}],"predecessor-version":[{"id":12359,"href":"https:\/\/eldiariodesanpedro.com.ar\/sitio\/wp-json\/wp\/v2\/posts\/12357\/revisions\/12359"}],"wp:featuredmedia":[{"embeddable":true,"href":"https:\/\/eldiariodesanpedro.com.ar\/sitio\/wp-json\/wp\/v2\/media\/12358"}],"wp:attachment":[{"href":"https:\/\/eldiariodesanpedro.com.ar\/sitio\/wp-json\/wp\/v2\/media?parent=12357"}],"wp:term":[{"taxonomy":"category","embeddable":true,"href":"https:\/\/eldiariodesanpedro.com.ar\/sitio\/wp-json\/wp\/v2\/categories?post=12357"},{"taxonomy":"post_tag","embeddable":true,"href":"https:\/\/eldiariodesanpedro.com.ar\/sitio\/wp-json\/wp\/v2\/tags?post=12357"}],"curies":[{"name":"wp","href":"https:\/\/api.w.org\/{rel}","templated":true}]}}