{"id":123568,"date":"2023-11-02T14:24:56","date_gmt":"2023-11-02T17:24:56","guid":{"rendered":"https:\/\/eldiariodesanpedro.com.ar\/sitio\/?p=123568"},"modified":"2023-11-02T14:24:58","modified_gmt":"2023-11-02T17:24:58","slug":"un-camion-cayo-desde-un-puente-en-la-ruta-9-entre-baradero-y-san-pedro-tras-chocar-con-otro-que-estaba-estacionado","status":"publish","type":"post","link":"https:\/\/eldiariodesanpedro.com.ar\/sitio\/un-camion-cayo-desde-un-puente-en-la-ruta-9-entre-baradero-y-san-pedro-tras-chocar-con-otro-que-estaba-estacionado\/","title":{"rendered":"Un cami\u00f3n cay\u00f3 desde un puente en la ruta 9 entre Baradero y San Pedro tras chocar con otro que estaba estacionado"},"content":{"rendered":"<!-- VideographyWP Plugin Message: Automatic video embedding prevented by plugin options. -->\n\n<p>En la jornada de ayer el personal policial perteneciente a seguridad vial se constituye en Ruta Nac. 9 km 150 carril Buenos Aires \u2013 Rosario a ra\u00edz de que un cami\u00f3n marca Iveco color blanco con acoplado marca Lambert cargado, el cual era conducido por masculino de 25 a\u00f1os oriundo de la provincia de C\u00f3rdoba, razones que se tratan de establecer, impacta por alcance con un cami\u00f3n marca Scania que remolcaba acoplado cisterna vac\u00edo &nbsp;conducido por&nbsp; ciudadano masculino de 62 a\u00f1os, oriundo de la Provincia de San Juan quien result\u00f3 ileso, mismo se encontraba detenido sobre banquina de autopista zona de guardarrail por un desperfecto mec\u00e1nico.<\/p>\n\n\n\n<p>A ra\u00edz del impacto el cami\u00f3n marca queda volcado en la banquina debajo de puente Rio Arrecifes quedando el conductor atrapado en el habit\u00e1culo. Trabajaron durante mas de una hora en el lugar una dotaci\u00f3n de Bomberos Voluntarios San Pedro para rescatar al chofer quien fue trasladado al nosocomio local donde tras ser asistido se pudo determinar que presentaba fracturas m\u00faltiples esperando su evoluci\u00f3n.<\/p>\n\n\n\n<p>Interviene UFI N\u00b0 11.-<\/p>\n\n\n\n<figure class=\"wp-block-image size-large\"><img decoding=\"async\" width=\"1024\" height=\"461\" data-attachment-id=\"123570\" data-permalink=\"https:\/\/eldiariodesanpedro.com.ar\/sitio\/un-camion-cayo-desde-un-puente-en-la-ruta-9-entre-baradero-y-san-pedro-tras-chocar-con-otro-que-estaba-estacionado\/imagen-de-whatsapp-2023-11-02-a-las-10-24-50_a5383203\/\" data-orig-file=\"https:\/\/eldiariodesanpedro.com.ar\/sitio\/wp-content\/uploads\/2023\/11\/Imagen-de-WhatsApp-2023-11-02-a-las-10.24.50_a5383203.jpg\" data-orig-size=\"1200,540\" data-comments-opened=\"0\" data-image-meta=\"{&quot;aperture&quot;:&quot;0&quot;,&quot;credit&quot;:&quot;&quot;,&quot;camera&quot;:&quot;&quot;,&quot;caption&quot;:&quot;&quot;,&quot;created_timestamp&quot;:&quot;0&quot;,&quot;copyright&quot;:&quot;&quot;,&quot;focal_length&quot;:&quot;0&quot;,&quot;iso&quot;:&quot;0&quot;,&quot;shutter_speed&quot;:&quot;0&quot;,&quot;title&quot;:&quot;&quot;,&quot;orientation&quot;:&quot;0&quot;}\" data-image-title=\"Imagen-de-WhatsApp-2023-11-02-a-las-10.24.50_a5383203\" data-image-description=\"\" data-image-caption=\"\" data-large-file=\"https:\/\/eldiariodesanpedro.com.ar\/sitio\/wp-content\/uploads\/2023\/11\/Imagen-de-WhatsApp-2023-11-02-a-las-10.24.50_a5383203-1024x461.jpg\" data-src=\"https:\/\/eldiariodesanpedro.com.ar\/sitio\/wp-content\/uploads\/2023\/11\/Imagen-de-WhatsApp-2023-11-02-a-las-10.24.50_a5383203-1024x461.jpg\" alt=\"\" class=\"wp-image-123570 lazyload\" data-srcset=\"https:\/\/eldiariodesanpedro.com.ar\/sitio\/wp-content\/uploads\/2023\/11\/Imagen-de-WhatsApp-2023-11-02-a-las-10.24.50_a5383203-1024x461.jpg 1024w, https:\/\/eldiariodesanpedro.com.ar\/sitio\/wp-content\/uploads\/2023\/11\/Imagen-de-WhatsApp-2023-11-02-a-las-10.24.50_a5383203-300x135.jpg 300w, https:\/\/eldiariodesanpedro.com.ar\/sitio\/wp-content\/uploads\/2023\/11\/Imagen-de-WhatsApp-2023-11-02-a-las-10.24.50_a5383203-768x346.jpg 768w, https:\/\/eldiariodesanpedro.com.ar\/sitio\/wp-content\/uploads\/2023\/11\/Imagen-de-WhatsApp-2023-11-02-a-las-10.24.50_a5383203.jpg 1200w\" data-sizes=\"(max-width: 1024px) 100vw, 1024px\" src=\"data:image\/svg+xml;base64,PHN2ZyB3aWR0aD0iMSIgaGVpZ2h0PSIxIiB4bWxucz0iaHR0cDovL3d3dy53My5vcmcvMjAwMC9zdmciPjwvc3ZnPg==\" style=\"--smush-placeholder-width: 1024px; --smush-placeholder-aspect-ratio: 1024\/461;\" \/><\/figure>\n\n\n\n<figure class=\"wp-block-image size-full\"><img decoding=\"async\" width=\"284\" height=\"630\" data-attachment-id=\"123571\" data-permalink=\"https:\/\/eldiariodesanpedro.com.ar\/sitio\/un-camion-cayo-desde-un-puente-en-la-ruta-9-entre-baradero-y-san-pedro-tras-chocar-con-otro-que-estaba-estacionado\/imagen-de-whatsapp-2023-11-02-a-las-10-29-29_9ee1ac1a\/\" data-orig-file=\"https:\/\/eldiariodesanpedro.com.ar\/sitio\/wp-content\/uploads\/2023\/11\/Imagen-de-WhatsApp-2023-11-02-a-las-10.29.29_9ee1ac1a.jpg\" data-orig-size=\"284,630\" data-comments-opened=\"0\" data-image-meta=\"{&quot;aperture&quot;:&quot;0&quot;,&quot;credit&quot;:&quot;&quot;,&quot;camera&quot;:&quot;&quot;,&quot;caption&quot;:&quot;&quot;,&quot;created_timestamp&quot;:&quot;0&quot;,&quot;copyright&quot;:&quot;&quot;,&quot;focal_length&quot;:&quot;0&quot;,&quot;iso&quot;:&quot;0&quot;,&quot;shutter_speed&quot;:&quot;0&quot;,&quot;title&quot;:&quot;&quot;,&quot;orientation&quot;:&quot;0&quot;}\" data-image-title=\"Imagen de WhatsApp 2023-11-02 a las 10.29.29_9ee1ac1a\" data-image-description=\"\" data-image-caption=\"\" data-large-file=\"https:\/\/eldiariodesanpedro.com.ar\/sitio\/wp-content\/uploads\/2023\/11\/Imagen-de-WhatsApp-2023-11-02-a-las-10.29.29_9ee1ac1a.jpg\" data-src=\"https:\/\/eldiariodesanpedro.com.ar\/sitio\/wp-content\/uploads\/2023\/11\/Imagen-de-WhatsApp-2023-11-02-a-las-10.29.29_9ee1ac1a.jpg\" alt=\"\" class=\"wp-image-123571 lazyload\" data-srcset=\"https:\/\/eldiariodesanpedro.com.ar\/sitio\/wp-content\/uploads\/2023\/11\/Imagen-de-WhatsApp-2023-11-02-a-las-10.29.29_9ee1ac1a.jpg 284w, https:\/\/eldiariodesanpedro.com.ar\/sitio\/wp-content\/uploads\/2023\/11\/Imagen-de-WhatsApp-2023-11-02-a-las-10.29.29_9ee1ac1a-135x300.jpg 135w\" data-sizes=\"(max-width: 284px) 100vw, 284px\" src=\"data:image\/svg+xml;base64,PHN2ZyB3aWR0aD0iMSIgaGVpZ2h0PSIxIiB4bWxucz0iaHR0cDovL3d3dy53My5vcmcvMjAwMC9zdmciPjwvc3ZnPg==\" style=\"--smush-placeholder-width: 284px; --smush-placeholder-aspect-ratio: 284\/630;\" \/><\/figure>\n","protected":false},"excerpt":{"rendered":"<p>En la jornada de ayer el personal policial perteneciente a seguridad vial se constituye en Ruta Nac. 9 km 150 carril Buenos Aires \u2013 Rosario a ra\u00edz de que un cami\u00f3n marca Iveco color blanco con acoplado marca Lambert cargado, el cual era conducido por masculino de 25 a\u00f1os oriundo de la provincia de C\u00f3rdoba, [&hellip;]<\/p>\n","protected":false},"author":4,"featured_media":123569,"comment_status":"closed","ping_status":"closed","sticky":false,"template":"","format":"standard","meta":{"om_disable_all_campaigns":false,"_jetpack_memberships_contains_paid_content":false,"footnotes":""},"categories":[50,2,103],"tags":[197,33,95,19],"class_list":["post-123568","post","type-post","status-publish","format-standard","has-post-thumbnail","hentry","category-destacadas","category-locales","category-policiales-locales","tag-buenos-aires","tag-locales","tag-policiales","tag-san-pedro"],"aioseo_notices":[],"gutentor_comment":0,"jetpack_featured_media_url":"https:\/\/eldiariodesanpedro.com.ar\/sitio\/wp-content\/uploads\/2023\/11\/descarga.jpg","jetpack_shortlink":"https:\/\/wp.me\/p6RhLt-w92","jetpack_sharing_enabled":true,"_links":{"self":[{"href":"https:\/\/eldiariodesanpedro.com.ar\/sitio\/wp-json\/wp\/v2\/posts\/123568","targetHints":{"allow":["GET"]}}],"collection":[{"href":"https:\/\/eldiariodesanpedro.com.ar\/sitio\/wp-json\/wp\/v2\/posts"}],"about":[{"href":"https:\/\/eldiariodesanpedro.com.ar\/sitio\/wp-json\/wp\/v2\/types\/post"}],"author":[{"embeddable":true,"href":"https:\/\/eldiariodesanpedro.com.ar\/sitio\/wp-json\/wp\/v2\/users\/4"}],"replies":[{"embeddable":true,"href":"https:\/\/eldiariodesanpedro.com.ar\/sitio\/wp-json\/wp\/v2\/comments?post=123568"}],"version-history":[{"count":1,"href":"https:\/\/eldiariodesanpedro.com.ar\/sitio\/wp-json\/wp\/v2\/posts\/123568\/revisions"}],"predecessor-version":[{"id":123572,"href":"https:\/\/eldiariodesanpedro.com.ar\/sitio\/wp-json\/wp\/v2\/posts\/123568\/revisions\/123572"}],"wp:featuredmedia":[{"embeddable":true,"href":"https:\/\/eldiariodesanpedro.com.ar\/sitio\/wp-json\/wp\/v2\/media\/123569"}],"wp:attachment":[{"href":"https:\/\/eldiariodesanpedro.com.ar\/sitio\/wp-json\/wp\/v2\/media?parent=123568"}],"wp:term":[{"taxonomy":"category","embeddable":true,"href":"https:\/\/eldiariodesanpedro.com.ar\/sitio\/wp-json\/wp\/v2\/categories?post=123568"},{"taxonomy":"post_tag","embeddable":true,"href":"https:\/\/eldiariodesanpedro.com.ar\/sitio\/wp-json\/wp\/v2\/tags?post=123568"}],"curies":[{"name":"wp","href":"https:\/\/api.w.org\/{rel}","templated":true}]}}