{"id":123565,"date":"2023-11-02T13:33:57","date_gmt":"2023-11-02T16:33:57","guid":{"rendered":"https:\/\/eldiariodesanpedro.com.ar\/sitio\/?p=123565"},"modified":"2023-11-02T13:33:59","modified_gmt":"2023-11-02T16:33:59","slug":"se-secuestro-en-allanamiento-una-motocicleta-robada-dias-atras","status":"publish","type":"post","link":"https:\/\/eldiariodesanpedro.com.ar\/sitio\/se-secuestro-en-allanamiento-una-motocicleta-robada-dias-atras\/","title":{"rendered":"Se secuestr\u00f3 en allanamiento una motocicleta robada d\u00edas atr\u00e1s"},"content":{"rendered":"<!-- VideographyWP Plugin Message: Automatic video embedding prevented by plugin options. -->\n\n<p>En la jornada de ayer tras denuncia realizada en sede fiscal de nuestra ciudad, el personal del Grupo T\u00e1ctico Operativo (GTO) de esta dependencia realiza tareas de campo estableciendo autor\u00eda hecho. Posteriormente Diligenci\u00f3 Orden de allanamiento librada por Dr.&nbsp; Prati Ricardo Luis, Juez Garant\u00edas N\u00b002 departamento Judicial San Nicolas a requerimiento Dra. Ramos Viviana, en domicilio ubicado en calle &nbsp;Segundo Sombra, donde residir\u00eda masculino de 24 a\u00f1os.<\/p>\n\n\n\n<p>Como resultado del operativo diligenciado, se termina secuestrando en el lugar &nbsp;motocicleta marca Jianshe mod. JS 125 cc 6G.<\/p>\n\n\n\n<p>&nbsp;Intervine magistratura local.-&nbsp;<\/p>\n","protected":false},"excerpt":{"rendered":"<p>En la jornada de ayer tras denuncia realizada en sede fiscal de nuestra ciudad, el personal del Grupo T\u00e1ctico Operativo (GTO) de esta dependencia realiza tareas de campo estableciendo autor\u00eda hecho. Posteriormente Diligenci\u00f3 Orden de allanamiento librada por Dr.&nbsp; Prati Ricardo Luis, Juez Garant\u00edas N\u00b002 departamento Judicial San Nicolas a requerimiento Dra. Ramos Viviana, en [&hellip;]<\/p>\n","protected":false},"author":4,"featured_media":123566,"comment_status":"closed","ping_status":"closed","sticky":false,"template":"","format":"standard","meta":{"om_disable_all_campaigns":false,"_jetpack_memberships_contains_paid_content":false,"footnotes":""},"categories":[2,103],"tags":[197,33,95,19],"class_list":["post-123565","post","type-post","status-publish","format-standard","has-post-thumbnail","hentry","category-locales","category-policiales-locales","tag-buenos-aires","tag-locales","tag-policiales","tag-san-pedro"],"aioseo_notices":[],"gutentor_comment":0,"jetpack_featured_media_url":"https:\/\/eldiariodesanpedro.com.ar\/sitio\/wp-content\/uploads\/2023\/11\/medida-2.png","jetpack_shortlink":"https:\/\/wp.me\/p6RhLt-w8Z","jetpack_sharing_enabled":true,"_links":{"self":[{"href":"https:\/\/eldiariodesanpedro.com.ar\/sitio\/wp-json\/wp\/v2\/posts\/123565","targetHints":{"allow":["GET"]}}],"collection":[{"href":"https:\/\/eldiariodesanpedro.com.ar\/sitio\/wp-json\/wp\/v2\/posts"}],"about":[{"href":"https:\/\/eldiariodesanpedro.com.ar\/sitio\/wp-json\/wp\/v2\/types\/post"}],"author":[{"embeddable":true,"href":"https:\/\/eldiariodesanpedro.com.ar\/sitio\/wp-json\/wp\/v2\/users\/4"}],"replies":[{"embeddable":true,"href":"https:\/\/eldiariodesanpedro.com.ar\/sitio\/wp-json\/wp\/v2\/comments?post=123565"}],"version-history":[{"count":1,"href":"https:\/\/eldiariodesanpedro.com.ar\/sitio\/wp-json\/wp\/v2\/posts\/123565\/revisions"}],"predecessor-version":[{"id":123567,"href":"https:\/\/eldiariodesanpedro.com.ar\/sitio\/wp-json\/wp\/v2\/posts\/123565\/revisions\/123567"}],"wp:featuredmedia":[{"embeddable":true,"href":"https:\/\/eldiariodesanpedro.com.ar\/sitio\/wp-json\/wp\/v2\/media\/123566"}],"wp:attachment":[{"href":"https:\/\/eldiariodesanpedro.com.ar\/sitio\/wp-json\/wp\/v2\/media?parent=123565"}],"wp:term":[{"taxonomy":"category","embeddable":true,"href":"https:\/\/eldiariodesanpedro.com.ar\/sitio\/wp-json\/wp\/v2\/categories?post=123565"},{"taxonomy":"post_tag","embeddable":true,"href":"https:\/\/eldiariodesanpedro.com.ar\/sitio\/wp-json\/wp\/v2\/tags?post=123565"}],"curies":[{"name":"wp","href":"https:\/\/api.w.org\/{rel}","templated":true}]}}