{"id":123542,"date":"2023-11-01T16:33:49","date_gmt":"2023-11-01T19:33:49","guid":{"rendered":"https:\/\/eldiariodesanpedro.com.ar\/sitio\/?p=123542"},"modified":"2023-11-01T16:33:51","modified_gmt":"2023-11-01T19:33:51","slug":"un-aprehendido-por-violacion-de-perimetral-y-por-agredir-a-efectivo-policial","status":"publish","type":"post","link":"https:\/\/eldiariodesanpedro.com.ar\/sitio\/un-aprehendido-por-violacion-de-perimetral-y-por-agredir-a-efectivo-policial\/","title":{"rendered":"Un aprehendido por violaci\u00f3n de perimetral y por agredir a efectivo policial"},"content":{"rendered":"<!-- VideographyWP Plugin Message: Automatic video embedding prevented by plugin options. -->\n\n<p>En el d\u00eda de ayer el personal policial del destacamento de Rio Tala, se hizo presente en calle Rivadavia al 300 donde se procedi\u00f3 a la aprehensi\u00f3n de un masculino de 20 a\u00f1os de edad quien se encontraba en el domicilio de sus familiares quebrantando un per\u00edmetro de acercamiento.<\/p>\n\n\n\n<p>Ante la llegada del personal, el sindicado se resisti\u00f3 al proceder logrando lesionar a una efectivo en el rostro con golpes de pu\u00f1o.<br>El agresor fue notificado de la formaci\u00f3n de la causa y recupero la libertad. Interviene UFI 07.-&nbsp; &nbsp;&nbsp;&nbsp;&nbsp;<\/p>\n","protected":false},"excerpt":{"rendered":"<p>En el d\u00eda de ayer el personal policial del destacamento de Rio Tala, se hizo presente en calle Rivadavia al 300 donde se procedi\u00f3 a la aprehensi\u00f3n de un masculino de 20 a\u00f1os de edad quien se encontraba en el domicilio de sus familiares quebrantando un per\u00edmetro de acercamiento. Ante la llegada del personal, el [&hellip;]<\/p>\n","protected":false},"author":4,"featured_media":123543,"comment_status":"closed","ping_status":"closed","sticky":false,"template":"","format":"standard","meta":{"om_disable_all_campaigns":false,"_jetpack_memberships_contains_paid_content":false,"footnotes":""},"categories":[2,103],"tags":[197,33,95,19],"class_list":["post-123542","post","type-post","status-publish","format-standard","has-post-thumbnail","hentry","category-locales","category-policiales-locales","tag-buenos-aires","tag-locales","tag-policiales","tag-san-pedro"],"aioseo_notices":[],"gutentor_comment":0,"jetpack_featured_media_url":"https:\/\/eldiariodesanpedro.com.ar\/sitio\/wp-content\/uploads\/2023\/11\/medida-1.png","jetpack_shortlink":"https:\/\/wp.me\/p6RhLt-w8C","jetpack_sharing_enabled":true,"_links":{"self":[{"href":"https:\/\/eldiariodesanpedro.com.ar\/sitio\/wp-json\/wp\/v2\/posts\/123542","targetHints":{"allow":["GET"]}}],"collection":[{"href":"https:\/\/eldiariodesanpedro.com.ar\/sitio\/wp-json\/wp\/v2\/posts"}],"about":[{"href":"https:\/\/eldiariodesanpedro.com.ar\/sitio\/wp-json\/wp\/v2\/types\/post"}],"author":[{"embeddable":true,"href":"https:\/\/eldiariodesanpedro.com.ar\/sitio\/wp-json\/wp\/v2\/users\/4"}],"replies":[{"embeddable":true,"href":"https:\/\/eldiariodesanpedro.com.ar\/sitio\/wp-json\/wp\/v2\/comments?post=123542"}],"version-history":[{"count":1,"href":"https:\/\/eldiariodesanpedro.com.ar\/sitio\/wp-json\/wp\/v2\/posts\/123542\/revisions"}],"predecessor-version":[{"id":123544,"href":"https:\/\/eldiariodesanpedro.com.ar\/sitio\/wp-json\/wp\/v2\/posts\/123542\/revisions\/123544"}],"wp:featuredmedia":[{"embeddable":true,"href":"https:\/\/eldiariodesanpedro.com.ar\/sitio\/wp-json\/wp\/v2\/media\/123543"}],"wp:attachment":[{"href":"https:\/\/eldiariodesanpedro.com.ar\/sitio\/wp-json\/wp\/v2\/media?parent=123542"}],"wp:term":[{"taxonomy":"category","embeddable":true,"href":"https:\/\/eldiariodesanpedro.com.ar\/sitio\/wp-json\/wp\/v2\/categories?post=123542"},{"taxonomy":"post_tag","embeddable":true,"href":"https:\/\/eldiariodesanpedro.com.ar\/sitio\/wp-json\/wp\/v2\/tags?post=123542"}],"curies":[{"name":"wp","href":"https:\/\/api.w.org\/{rel}","templated":true}]}}