{"id":12354,"date":"2017-01-06T19:03:13","date_gmt":"2017-01-06T22:03:13","guid":{"rendered":"https:\/\/eldiariodesanpedro.com.ar\/sitio\/?p=12354"},"modified":"2017-01-06T19:03:13","modified_gmt":"2017-01-06T22:03:13","slug":"fomentar-las-politicas-asociativas-es-uno-de-nuestros-objetivos-para-este-ano","status":"publish","type":"post","link":"https:\/\/eldiariodesanpedro.com.ar\/sitio\/fomentar-las-politicas-asociativas-es-uno-de-nuestros-objetivos-para-este-ano\/","title":{"rendered":"\u201cFomentar las pol\u00edticas asociativas es uno de nuestros objetivos para este a\u00f1o\u201d"},"content":{"rendered":"<p><!-- VideographyWP Plugin Message: Automatic video embedding prevented by plugin options. --><br \/>\nDel acto realizado el jueves en el hospital, donde se inauguraron las habitaci\u00f3nes del sector de pediatr\u00eda, particip\u00f3 la coordinadora de los Centros de Referencia del Ministerio de Desarrollo Social, Agustina Ciarletta. No solo se refiri\u00f3 acerca del aporte realizado desde dicha cartera nacional, sino tambi\u00e9n al trabajo del CDR para este 2017.<\/p>\n<p>Cabe recordar que el Ministerio aport\u00f3 un subsidio de 400 mil pesos que permiti\u00f3 comprar el mobiliario para las salas. \u201cMuy contenta de haber participado, es un orgullo ser parte de esto\u201d, asegur\u00f3 la funcionaria y luego cont\u00f3: \u201cEn San Pedro tenemos un Centro de Referencia que es una de las casas del Ministerio, con su coordinador Jos\u00e9 Franchini, y cuando el a\u00f1o pasado tanto el intendente como Jos\u00e9 nos plantearon que la salud era una de las prioridades principales que deb\u00edan trabajar en San Pedro y se nos plante\u00f3 la posibilidad de terminar el ala de pediatr\u00eda, el Ministerio respondi\u00f3 colaborando con la gesti\u00f3n de ayuda institucional para el equipamiento de las doce salas\u201d.<\/p>\n<p>Y luego afirm\u00f3: \u201cEl proyecto para este a\u00f1o es continuar muy fuerte el trabajo del a\u00f1o pasado en lo que son las ayudas urgentes e institucionales, tambi\u00e9n fomentar los proyectos asociativos que tanto hacen falta\u201d. <\/p>\n<p>En tanto , Jos\u00e9 Franchini, representante local del ministerio, sostuvo que continuar\u00e1n trabajando \u201cfuertemente en lo que es lo social. El CDR atiende a gente que no tiene un buen pasar\u201d.  Y manifest\u00f3: \u201cVamos a continuar con todas las herramientas que tengamos a mano\u201d.<\/p>\n<p>En tanto, asegur\u00f3 que la inauguraci\u00f3n del nuevo sector del Hospital \u201ces la frutilla del postre\u201d. Al tiempo que dijo: \u201cEsta sala de pediatr\u00eda la est\u00e1bamos so\u00f1ando con Cecilio desde el 10 de diciembre que yo era director\u201d.<\/p>\n","protected":false},"excerpt":{"rendered":"<p>Del acto realizado el jueves en el hospital, donde se inauguraron las habitaci\u00f3nes del sector de pediatr\u00eda, particip\u00f3 la coordinadora de los Centros de Referencia del Ministerio de Desarrollo Social, Agustina Ciarletta. No solo se refiri\u00f3 acerca del aporte realizado desde dicha cartera nacional, sino tambi\u00e9n al trabajo del CDR para este 2017. Cabe recordar [&hellip;]<\/p>\n","protected":false},"author":4,"featured_media":12355,"comment_status":"open","ping_status":"closed","sticky":false,"template":"","format":"standard","meta":{"om_disable_all_campaigns":false,"_jetpack_memberships_contains_paid_content":false,"footnotes":""},"categories":[2,102],"tags":[],"class_list":["post-12354","post","type-post","status-publish","format-standard","has-post-thumbnail","hentry","category-locales","category-politica-locales"],"aioseo_notices":[],"gutentor_comment":0,"jetpack_featured_media_url":"https:\/\/eldiariodesanpedro.com.ar\/sitio\/wp-content\/uploads\/2017\/01\/La-coordinadora-de-los-Centros-de-Referencia-del-Ministerio-de-Desarrollo-Social-Agustina-Ciarletta.jpg","jetpack_shortlink":"https:\/\/wp.me\/p6RhLt-3dg","jetpack_sharing_enabled":true,"_links":{"self":[{"href":"https:\/\/eldiariodesanpedro.com.ar\/sitio\/wp-json\/wp\/v2\/posts\/12354","targetHints":{"allow":["GET"]}}],"collection":[{"href":"https:\/\/eldiariodesanpedro.com.ar\/sitio\/wp-json\/wp\/v2\/posts"}],"about":[{"href":"https:\/\/eldiariodesanpedro.com.ar\/sitio\/wp-json\/wp\/v2\/types\/post"}],"author":[{"embeddable":true,"href":"https:\/\/eldiariodesanpedro.com.ar\/sitio\/wp-json\/wp\/v2\/users\/4"}],"replies":[{"embeddable":true,"href":"https:\/\/eldiariodesanpedro.com.ar\/sitio\/wp-json\/wp\/v2\/comments?post=12354"}],"version-history":[{"count":1,"href":"https:\/\/eldiariodesanpedro.com.ar\/sitio\/wp-json\/wp\/v2\/posts\/12354\/revisions"}],"predecessor-version":[{"id":12356,"href":"https:\/\/eldiariodesanpedro.com.ar\/sitio\/wp-json\/wp\/v2\/posts\/12354\/revisions\/12356"}],"wp:featuredmedia":[{"embeddable":true,"href":"https:\/\/eldiariodesanpedro.com.ar\/sitio\/wp-json\/wp\/v2\/media\/12355"}],"wp:attachment":[{"href":"https:\/\/eldiariodesanpedro.com.ar\/sitio\/wp-json\/wp\/v2\/media?parent=12354"}],"wp:term":[{"taxonomy":"category","embeddable":true,"href":"https:\/\/eldiariodesanpedro.com.ar\/sitio\/wp-json\/wp\/v2\/categories?post=12354"},{"taxonomy":"post_tag","embeddable":true,"href":"https:\/\/eldiariodesanpedro.com.ar\/sitio\/wp-json\/wp\/v2\/tags?post=12354"}],"curies":[{"name":"wp","href":"https:\/\/api.w.org\/{rel}","templated":true}]}}