{"id":123539,"date":"2023-11-01T15:46:52","date_gmt":"2023-11-01T18:46:52","guid":{"rendered":"https:\/\/eldiariodesanpedro.com.ar\/sitio\/?p=123539"},"modified":"2023-11-01T15:46:55","modified_gmt":"2023-11-01T18:46:55","slug":"allanamiento-y-un-aprehendido-por-el-robo-de-un-transformador-en-la-ruta-1001","status":"publish","type":"post","link":"https:\/\/eldiariodesanpedro.com.ar\/sitio\/allanamiento-y-un-aprehendido-por-el-robo-de-un-transformador-en-la-ruta-1001\/","title":{"rendered":"Allanamiento y un aprehendido por el robo de un transformador en la ruta 1001"},"content":{"rendered":"<!-- VideographyWP Plugin Message: Automatic video embedding prevented by plugin options. -->\n\n<p><br>En el d\u00eda de ayer, durante la tarde, el personal del grupo t\u00e1ctico operativo llev\u00f3 a cabo una diligencia de allanamiento ordenada por el Juzgado de Garant\u00edas N\u00b0 02 en una residencia ubicada en el barrio La Tosquera. <\/p>\n\n\n\n<p>Esta acci\u00f3n se realiz\u00f3 en relaci\u00f3n al robo de un transformador de energ\u00eda el\u00e9ctrica que tuvo lugar en Ruta 1001 y Callej\u00f3n Parra. En el lugar, se encontr\u00f3 un componente transformador el\u00e9ctrico y bobinado de cobre, y se procedi\u00f3 a la detenci\u00f3n del individuo se\u00f1alado. <\/p>\n\n\n\n<p>Posteriormente, este individuo fue notificado de su implicaci\u00f3n en la causa que est\u00e1 siendo investigada por la fiscal\u00eda N\u00b0 07.<\/p>\n","protected":false},"excerpt":{"rendered":"<p>En el d\u00eda de ayer, durante la tarde, el personal del grupo t\u00e1ctico operativo llev\u00f3 a cabo una diligencia de allanamiento ordenada por el Juzgado de Garant\u00edas N\u00b0 02 en una residencia ubicada en el barrio La Tosquera. Esta acci\u00f3n se realiz\u00f3 en relaci\u00f3n al robo de un transformador de energ\u00eda el\u00e9ctrica que tuvo lugar [&hellip;]<\/p>\n","protected":false},"author":4,"featured_media":123540,"comment_status":"closed","ping_status":"closed","sticky":false,"template":"","format":"standard","meta":{"om_disable_all_campaigns":false,"_jetpack_memberships_contains_paid_content":false,"footnotes":""},"categories":[2,103],"tags":[197,696,33,19],"class_list":["post-123539","post","type-post","status-publish","format-standard","has-post-thumbnail","hentry","category-locales","category-policiales-locales","tag-buenos-aires","tag-interes-general","tag-locales","tag-san-pedro"],"aioseo_notices":[],"gutentor_comment":0,"jetpack_featured_media_url":"https:\/\/eldiariodesanpedro.com.ar\/sitio\/wp-content\/uploads\/2023\/11\/medida.png","jetpack_shortlink":"https:\/\/wp.me\/p6RhLt-w8z","jetpack_sharing_enabled":true,"_links":{"self":[{"href":"https:\/\/eldiariodesanpedro.com.ar\/sitio\/wp-json\/wp\/v2\/posts\/123539","targetHints":{"allow":["GET"]}}],"collection":[{"href":"https:\/\/eldiariodesanpedro.com.ar\/sitio\/wp-json\/wp\/v2\/posts"}],"about":[{"href":"https:\/\/eldiariodesanpedro.com.ar\/sitio\/wp-json\/wp\/v2\/types\/post"}],"author":[{"embeddable":true,"href":"https:\/\/eldiariodesanpedro.com.ar\/sitio\/wp-json\/wp\/v2\/users\/4"}],"replies":[{"embeddable":true,"href":"https:\/\/eldiariodesanpedro.com.ar\/sitio\/wp-json\/wp\/v2\/comments?post=123539"}],"version-history":[{"count":1,"href":"https:\/\/eldiariodesanpedro.com.ar\/sitio\/wp-json\/wp\/v2\/posts\/123539\/revisions"}],"predecessor-version":[{"id":123541,"href":"https:\/\/eldiariodesanpedro.com.ar\/sitio\/wp-json\/wp\/v2\/posts\/123539\/revisions\/123541"}],"wp:featuredmedia":[{"embeddable":true,"href":"https:\/\/eldiariodesanpedro.com.ar\/sitio\/wp-json\/wp\/v2\/media\/123540"}],"wp:attachment":[{"href":"https:\/\/eldiariodesanpedro.com.ar\/sitio\/wp-json\/wp\/v2\/media?parent=123539"}],"wp:term":[{"taxonomy":"category","embeddable":true,"href":"https:\/\/eldiariodesanpedro.com.ar\/sitio\/wp-json\/wp\/v2\/categories?post=123539"},{"taxonomy":"post_tag","embeddable":true,"href":"https:\/\/eldiariodesanpedro.com.ar\/sitio\/wp-json\/wp\/v2\/tags?post=123539"}],"curies":[{"name":"wp","href":"https:\/\/api.w.org\/{rel}","templated":true}]}}