{"id":123536,"date":"2023-11-01T15:31:39","date_gmt":"2023-11-01T18:31:39","guid":{"rendered":"https:\/\/eldiariodesanpedro.com.ar\/sitio\/?p=123536"},"modified":"2023-11-01T15:31:41","modified_gmt":"2023-11-01T18:31:41","slug":"apertura-del-registro-de-guardavidas-para-la-temporada-2023-2024-en-san-pedro","status":"publish","type":"post","link":"https:\/\/eldiariodesanpedro.com.ar\/sitio\/apertura-del-registro-de-guardavidas-para-la-temporada-2023-2024-en-san-pedro\/","title":{"rendered":"Apertura del Registro de Guardavidas para la Temporada 2023-2024 en San Pedro"},"content":{"rendered":"<!-- VideographyWP Plugin Message: Automatic video embedding prevented by plugin options. -->\n\n<p>La Secretar\u00eda de Turismo y Cultura de la Municipalidad de San Pedro informa a la comunidad que se encuentra en funcionamiento el registro de guardavidas para la pr\u00f3xima temporada. Este registro, obligatorio conforme a la Ordenanza 5359-14, debe ser actualizado anualmente.<\/p>\n\n\n\n<p>Para llevar a cabo el proceso de registro, los interesados deben cumplir con los siguientes requisitos:<\/p>\n\n\n\n<ul class=\"wp-block-list\">\n<li>Ser mayores de 18 a\u00f1os.<\/li>\n\n\n\n<li>Presentarse en las instalaciones de la Secretar\u00eda de Turismo y Cultura, ubicada en Mitre y Liniers, San Pedro.<\/li>\n\n\n\n<li>Realizar la presentaci\u00f3n antes del 23 de noviembre.<\/li>\n\n\n\n<li>Horario de atenci\u00f3n: de lunes a viernes, de 8:00 a 20:00 horas.<\/li>\n\n\n\n<li>Deben presentar la revalida aprobada en la libreta actualizada y una fotocopia de su Documento Nacional de Identidad (DNI).<\/li>\n<\/ul>\n\n\n\n<p>Para obtener m\u00e1s informaci\u00f3n, se pueden comunicar al n\u00famero 03329-422050 o enviar un correo electr\u00f3nico a la direcci\u00f3n <a href=\"mailto:directoraturismo@sanpedro.gob.ar\">directoraturismo@sanpedro.gob.ar<\/a>.<\/p>\n","protected":false},"excerpt":{"rendered":"<p>La Secretar\u00eda de Turismo y Cultura de la Municipalidad de San Pedro informa a la comunidad que se encuentra en funcionamiento el registro de guardavidas para la pr\u00f3xima temporada. Este registro, obligatorio conforme a la Ordenanza 5359-14, debe ser actualizado anualmente. Para llevar a cabo el proceso de registro, los interesados deben cumplir con los [&hellip;]<\/p>\n","protected":false},"author":4,"featured_media":123537,"comment_status":"closed","ping_status":"closed","sticky":false,"template":"","format":"standard","meta":{"om_disable_all_campaigns":false,"_jetpack_memberships_contains_paid_content":false,"footnotes":""},"categories":[101,2],"tags":[197,696,33,19],"class_list":["post-123536","post","type-post","status-publish","format-standard","has-post-thumbnail","hentry","category-interes-general-locales","category-locales","tag-buenos-aires","tag-interes-general","tag-locales","tag-san-pedro"],"aioseo_notices":[],"gutentor_comment":0,"jetpack_featured_media_url":"https:\/\/eldiariodesanpedro.com.ar\/sitio\/wp-content\/uploads\/2023\/11\/Guardavidas-930x592-1.jpg","jetpack_shortlink":"https:\/\/wp.me\/p6RhLt-w8w","jetpack_sharing_enabled":true,"_links":{"self":[{"href":"https:\/\/eldiariodesanpedro.com.ar\/sitio\/wp-json\/wp\/v2\/posts\/123536","targetHints":{"allow":["GET"]}}],"collection":[{"href":"https:\/\/eldiariodesanpedro.com.ar\/sitio\/wp-json\/wp\/v2\/posts"}],"about":[{"href":"https:\/\/eldiariodesanpedro.com.ar\/sitio\/wp-json\/wp\/v2\/types\/post"}],"author":[{"embeddable":true,"href":"https:\/\/eldiariodesanpedro.com.ar\/sitio\/wp-json\/wp\/v2\/users\/4"}],"replies":[{"embeddable":true,"href":"https:\/\/eldiariodesanpedro.com.ar\/sitio\/wp-json\/wp\/v2\/comments?post=123536"}],"version-history":[{"count":1,"href":"https:\/\/eldiariodesanpedro.com.ar\/sitio\/wp-json\/wp\/v2\/posts\/123536\/revisions"}],"predecessor-version":[{"id":123538,"href":"https:\/\/eldiariodesanpedro.com.ar\/sitio\/wp-json\/wp\/v2\/posts\/123536\/revisions\/123538"}],"wp:featuredmedia":[{"embeddable":true,"href":"https:\/\/eldiariodesanpedro.com.ar\/sitio\/wp-json\/wp\/v2\/media\/123537"}],"wp:attachment":[{"href":"https:\/\/eldiariodesanpedro.com.ar\/sitio\/wp-json\/wp\/v2\/media?parent=123536"}],"wp:term":[{"taxonomy":"category","embeddable":true,"href":"https:\/\/eldiariodesanpedro.com.ar\/sitio\/wp-json\/wp\/v2\/categories?post=123536"},{"taxonomy":"post_tag","embeddable":true,"href":"https:\/\/eldiariodesanpedro.com.ar\/sitio\/wp-json\/wp\/v2\/tags?post=123536"}],"curies":[{"name":"wp","href":"https:\/\/api.w.org\/{rel}","templated":true}]}}