{"id":123528,"date":"2023-11-01T15:17:56","date_gmt":"2023-11-01T18:17:56","guid":{"rendered":"https:\/\/eldiariodesanpedro.com.ar\/sitio\/?p=123528"},"modified":"2023-11-01T15:17:58","modified_gmt":"2023-11-01T18:17:58","slug":"se-realizo-la-asamblea-anual-ordinaria-de-coopser","status":"publish","type":"post","link":"https:\/\/eldiariodesanpedro.com.ar\/sitio\/se-realizo-la-asamblea-anual-ordinaria-de-coopser\/","title":{"rendered":"Se realizo la asamblea anual ordinaria de Coopser"},"content":{"rendered":"<!-- VideographyWP Plugin Message: Automatic video embedding prevented by plugin options. -->\n\n<p>En el sal\u00f3n del Sindicato de Luz y Fuerza Zona del Paran\u00e1 seccional San Pedro, COOPSER reuni\u00f3 a sus delegados para la realizaci\u00f3n de la asamblea anual ordinaria correspondiente al per\u00edodo N\u00b079, en la que se aprobaron la memoria y el balance del \u00faltimo ejercicio.<\/p>\n\n\n\n<p>La asamblea fue abierta por Iv\u00e1n Groppo, presidente de la entidad, quien antes del desarrollo de los puntos del orden del d\u00eda, repas\u00f3 las novedades m\u00e1s relevantes del \u00faltimo a\u00f1o, destacando los avances para la construcci\u00f3n de la \u201cEstaci\u00f3n Transformadora San Pedro Industrial\u201d.<\/p>\n\n\n\n<p>Coment\u00f3 los \u00faltimos avances en todas las gestiones realizadas junto a la Municipalidad, y el inminente llamado a licitaci\u00f3n para esta obra que se concretar\u00e1, en el terreno adquirido por la Cooperativa, conectando al sistema, a trav\u00e9s de un nuevo tendido que cruzar\u00e1 campos de la zona, el transformador que fue comprado para duplicar la capacidad de respuesta a la demanda de energ\u00eda, tanto para los usuarios residenciales, como para los proyectos industriales que se fomentan para toda la regi\u00f3n.<\/p>\n\n\n\n<p>El presidente de la Cooperativa habl\u00f3 tambi\u00e9n sobre la situaci\u00f3n del Sanatorio COOPSER que sigue brindando plenamente sus servicios con normalidad y expectativas para concretar ampliaciones en el futuro, y present\u00f3 la nueva ambulancia de alta complejidad, que fue adquirida para el \u00e1rea de Servicios Sociales con una importante inversi\u00f3n en el equipamiento que permite mantener los m\u00e1ximos est\u00e1ndares de calidad.<\/p>\n\n\n\n<p>Los delegados que integraron la \u00fanica lista presentada para la renovaci\u00f3n los cargos con vencimiento en el per\u00edodo comprendido esta asamblea &nbsp;y que se sumar\u00e1n a quienes contin\u00faan con sus mandatos son, Ricardo Montesino, Miguel Angel Rivas, Elbio Ermelindo y \u00c1ngel \u00c1lvarez para el Consejo de Administraci\u00f3n y Pablo Peralta y \u00c1ngel Oscar Silva como s\u00edndicos titular y suplente, respectivamente.<\/p>\n\n\n\n<p>La renovaci\u00f3n de autoridades del cuerpo se determinar\u00e1 en la pr\u00f3xima reuni\u00f3n del mismo.&nbsp; Luego de la asamblea ordinaria, se cumpli\u00f3 con una asamblea extraordinaria convocada para dar cumplimiento a una resoluci\u00f3n del OCEBA con el objeto de ratificar la inclusi\u00f3n detallada de los conceptos incluidos en la factura de energ\u00eda, ajenos a la provisi\u00f3n del servicio principal, tales como los servicios sociales, el porcentaje del Fondo de Obras P\u00fablicas y otros \u00edtems que se incluyen con un c\u00f3digo de barras diferenciado.<\/p>\n\n\n\n<p>Este procedimiento ya viene siendo implementado por la Cooperativa pero requer\u00eda la ratificaci\u00f3n de una asamblea de delegados como la que se concret\u00f3 en el cierre de la reuni\u00f3n de ayer.<\/p>\n\n\n\n<figure class=\"wp-block-image size-large\"><img decoding=\"async\" width=\"1024\" height=\"461\" data-attachment-id=\"123529\" data-permalink=\"https:\/\/eldiariodesanpedro.com.ar\/sitio\/se-realizo-la-asamblea-anual-ordinaria-de-coopser\/asamblea_coopser_2023-11\/\" data-orig-file=\"https:\/\/eldiariodesanpedro.com.ar\/sitio\/wp-content\/uploads\/2023\/11\/asamblea_coopser_2023-11.jpeg\" data-orig-size=\"1200,540\" data-comments-opened=\"0\" data-image-meta=\"{&quot;aperture&quot;:&quot;0&quot;,&quot;credit&quot;:&quot;&quot;,&quot;camera&quot;:&quot;&quot;,&quot;caption&quot;:&quot;&quot;,&quot;created_timestamp&quot;:&quot;0&quot;,&quot;copyright&quot;:&quot;&quot;,&quot;focal_length&quot;:&quot;0&quot;,&quot;iso&quot;:&quot;0&quot;,&quot;shutter_speed&quot;:&quot;0&quot;,&quot;title&quot;:&quot;&quot;,&quot;orientation&quot;:&quot;0&quot;}\" data-image-title=\"asamblea_coopser_2023 (11)\" data-image-description=\"\" data-image-caption=\"\" data-large-file=\"https:\/\/eldiariodesanpedro.com.ar\/sitio\/wp-content\/uploads\/2023\/11\/asamblea_coopser_2023-11-1024x461.jpeg\" data-src=\"https:\/\/eldiariodesanpedro.com.ar\/sitio\/wp-content\/uploads\/2023\/11\/asamblea_coopser_2023-11-1024x461.jpeg\" alt=\"\" class=\"wp-image-123529 lazyload\" data-srcset=\"https:\/\/eldiariodesanpedro.com.ar\/sitio\/wp-content\/uploads\/2023\/11\/asamblea_coopser_2023-11-1024x461.jpeg 1024w, https:\/\/eldiariodesanpedro.com.ar\/sitio\/wp-content\/uploads\/2023\/11\/asamblea_coopser_2023-11-300x135.jpeg 300w, https:\/\/eldiariodesanpedro.com.ar\/sitio\/wp-content\/uploads\/2023\/11\/asamblea_coopser_2023-11-768x346.jpeg 768w, https:\/\/eldiariodesanpedro.com.ar\/sitio\/wp-content\/uploads\/2023\/11\/asamblea_coopser_2023-11.jpeg 1200w\" data-sizes=\"(max-width: 1024px) 100vw, 1024px\" src=\"data:image\/svg+xml;base64,PHN2ZyB3aWR0aD0iMSIgaGVpZ2h0PSIxIiB4bWxucz0iaHR0cDovL3d3dy53My5vcmcvMjAwMC9zdmciPjwvc3ZnPg==\" style=\"--smush-placeholder-width: 1024px; --smush-placeholder-aspect-ratio: 1024\/461;\" \/><\/figure>\n\n\n\n<figure class=\"wp-block-image size-large\"><img decoding=\"async\" width=\"1024\" height=\"461\" data-attachment-id=\"123530\" data-permalink=\"https:\/\/eldiariodesanpedro.com.ar\/sitio\/se-realizo-la-asamblea-anual-ordinaria-de-coopser\/asamblea_coopser_2023-12\/\" data-orig-file=\"https:\/\/eldiariodesanpedro.com.ar\/sitio\/wp-content\/uploads\/2023\/11\/asamblea_coopser_2023-12.jpeg\" data-orig-size=\"1200,540\" data-comments-opened=\"0\" data-image-meta=\"{&quot;aperture&quot;:&quot;0&quot;,&quot;credit&quot;:&quot;&quot;,&quot;camera&quot;:&quot;&quot;,&quot;caption&quot;:&quot;&quot;,&quot;created_timestamp&quot;:&quot;0&quot;,&quot;copyright&quot;:&quot;&quot;,&quot;focal_length&quot;:&quot;0&quot;,&quot;iso&quot;:&quot;0&quot;,&quot;shutter_speed&quot;:&quot;0&quot;,&quot;title&quot;:&quot;&quot;,&quot;orientation&quot;:&quot;0&quot;}\" data-image-title=\"asamblea_coopser_2023 (12)\" data-image-description=\"\" data-image-caption=\"\" data-large-file=\"https:\/\/eldiariodesanpedro.com.ar\/sitio\/wp-content\/uploads\/2023\/11\/asamblea_coopser_2023-12-1024x461.jpeg\" data-src=\"https:\/\/eldiariodesanpedro.com.ar\/sitio\/wp-content\/uploads\/2023\/11\/asamblea_coopser_2023-12-1024x461.jpeg\" alt=\"\" class=\"wp-image-123530 lazyload\" data-srcset=\"https:\/\/eldiariodesanpedro.com.ar\/sitio\/wp-content\/uploads\/2023\/11\/asamblea_coopser_2023-12-1024x461.jpeg 1024w, https:\/\/eldiariodesanpedro.com.ar\/sitio\/wp-content\/uploads\/2023\/11\/asamblea_coopser_2023-12-300x135.jpeg 300w, https:\/\/eldiariodesanpedro.com.ar\/sitio\/wp-content\/uploads\/2023\/11\/asamblea_coopser_2023-12-768x346.jpeg 768w, https:\/\/eldiariodesanpedro.com.ar\/sitio\/wp-content\/uploads\/2023\/11\/asamblea_coopser_2023-12.jpeg 1200w\" data-sizes=\"(max-width: 1024px) 100vw, 1024px\" src=\"data:image\/svg+xml;base64,PHN2ZyB3aWR0aD0iMSIgaGVpZ2h0PSIxIiB4bWxucz0iaHR0cDovL3d3dy53My5vcmcvMjAwMC9zdmciPjwvc3ZnPg==\" style=\"--smush-placeholder-width: 1024px; --smush-placeholder-aspect-ratio: 1024\/461;\" \/><\/figure>\n\n\n\n<figure class=\"wp-block-image size-large\"><img decoding=\"async\" width=\"1024\" height=\"461\" data-attachment-id=\"123532\" data-permalink=\"https:\/\/eldiariodesanpedro.com.ar\/sitio\/se-realizo-la-asamblea-anual-ordinaria-de-coopser\/asamblea_coopser_2023-14\/\" data-orig-file=\"https:\/\/eldiariodesanpedro.com.ar\/sitio\/wp-content\/uploads\/2023\/11\/asamblea_coopser_2023-14.jpeg\" data-orig-size=\"1200,540\" data-comments-opened=\"0\" data-image-meta=\"{&quot;aperture&quot;:&quot;0&quot;,&quot;credit&quot;:&quot;&quot;,&quot;camera&quot;:&quot;&quot;,&quot;caption&quot;:&quot;&quot;,&quot;created_timestamp&quot;:&quot;0&quot;,&quot;copyright&quot;:&quot;&quot;,&quot;focal_length&quot;:&quot;0&quot;,&quot;iso&quot;:&quot;0&quot;,&quot;shutter_speed&quot;:&quot;0&quot;,&quot;title&quot;:&quot;&quot;,&quot;orientation&quot;:&quot;0&quot;}\" data-image-title=\"asamblea_coopser_2023 (14)\" data-image-description=\"\" data-image-caption=\"\" data-large-file=\"https:\/\/eldiariodesanpedro.com.ar\/sitio\/wp-content\/uploads\/2023\/11\/asamblea_coopser_2023-14-1024x461.jpeg\" data-src=\"https:\/\/eldiariodesanpedro.com.ar\/sitio\/wp-content\/uploads\/2023\/11\/asamblea_coopser_2023-14-1024x461.jpeg\" alt=\"\" class=\"wp-image-123532 lazyload\" data-srcset=\"https:\/\/eldiariodesanpedro.com.ar\/sitio\/wp-content\/uploads\/2023\/11\/asamblea_coopser_2023-14-1024x461.jpeg 1024w, https:\/\/eldiariodesanpedro.com.ar\/sitio\/wp-content\/uploads\/2023\/11\/asamblea_coopser_2023-14-300x135.jpeg 300w, https:\/\/eldiariodesanpedro.com.ar\/sitio\/wp-content\/uploads\/2023\/11\/asamblea_coopser_2023-14-768x346.jpeg 768w, https:\/\/eldiariodesanpedro.com.ar\/sitio\/wp-content\/uploads\/2023\/11\/asamblea_coopser_2023-14.jpeg 1200w\" data-sizes=\"(max-width: 1024px) 100vw, 1024px\" src=\"data:image\/svg+xml;base64,PHN2ZyB3aWR0aD0iMSIgaGVpZ2h0PSIxIiB4bWxucz0iaHR0cDovL3d3dy53My5vcmcvMjAwMC9zdmciPjwvc3ZnPg==\" style=\"--smush-placeholder-width: 1024px; --smush-placeholder-aspect-ratio: 1024\/461;\" \/><\/figure>\n","protected":false},"excerpt":{"rendered":"<p>En el sal\u00f3n del Sindicato de Luz y Fuerza Zona del Paran\u00e1 seccional San Pedro, COOPSER reuni\u00f3 a sus delegados para la realizaci\u00f3n de la asamblea anual ordinaria correspondiente al per\u00edodo N\u00b079, en la que se aprobaron la memoria y el balance del \u00faltimo ejercicio. La asamblea fue abierta por Iv\u00e1n Groppo, presidente de la [&hellip;]<\/p>\n","protected":false},"author":4,"featured_media":123531,"comment_status":"closed","ping_status":"closed","sticky":false,"template":"","format":"standard","meta":{"om_disable_all_campaigns":false,"_jetpack_memberships_contains_paid_content":false,"footnotes":""},"categories":[101,2],"tags":[197,696,33,19],"class_list":["post-123528","post","type-post","status-publish","format-standard","has-post-thumbnail","hentry","category-interes-general-locales","category-locales","tag-buenos-aires","tag-interes-general","tag-locales","tag-san-pedro"],"aioseo_notices":[],"gutentor_comment":0,"jetpack_featured_media_url":"https:\/\/eldiariodesanpedro.com.ar\/sitio\/wp-content\/uploads\/2023\/11\/asamblea_coopser_2023-13.jpeg","jetpack_shortlink":"https:\/\/wp.me\/p6RhLt-w8o","jetpack_sharing_enabled":true,"_links":{"self":[{"href":"https:\/\/eldiariodesanpedro.com.ar\/sitio\/wp-json\/wp\/v2\/posts\/123528","targetHints":{"allow":["GET"]}}],"collection":[{"href":"https:\/\/eldiariodesanpedro.com.ar\/sitio\/wp-json\/wp\/v2\/posts"}],"about":[{"href":"https:\/\/eldiariodesanpedro.com.ar\/sitio\/wp-json\/wp\/v2\/types\/post"}],"author":[{"embeddable":true,"href":"https:\/\/eldiariodesanpedro.com.ar\/sitio\/wp-json\/wp\/v2\/users\/4"}],"replies":[{"embeddable":true,"href":"https:\/\/eldiariodesanpedro.com.ar\/sitio\/wp-json\/wp\/v2\/comments?post=123528"}],"version-history":[{"count":1,"href":"https:\/\/eldiariodesanpedro.com.ar\/sitio\/wp-json\/wp\/v2\/posts\/123528\/revisions"}],"predecessor-version":[{"id":123535,"href":"https:\/\/eldiariodesanpedro.com.ar\/sitio\/wp-json\/wp\/v2\/posts\/123528\/revisions\/123535"}],"wp:featuredmedia":[{"embeddable":true,"href":"https:\/\/eldiariodesanpedro.com.ar\/sitio\/wp-json\/wp\/v2\/media\/123531"}],"wp:attachment":[{"href":"https:\/\/eldiariodesanpedro.com.ar\/sitio\/wp-json\/wp\/v2\/media?parent=123528"}],"wp:term":[{"taxonomy":"category","embeddable":true,"href":"https:\/\/eldiariodesanpedro.com.ar\/sitio\/wp-json\/wp\/v2\/categories?post=123528"},{"taxonomy":"post_tag","embeddable":true,"href":"https:\/\/eldiariodesanpedro.com.ar\/sitio\/wp-json\/wp\/v2\/tags?post=123528"}],"curies":[{"name":"wp","href":"https:\/\/api.w.org\/{rel}","templated":true}]}}