{"id":123522,"date":"2023-11-01T13:18:24","date_gmt":"2023-11-01T16:18:24","guid":{"rendered":"https:\/\/eldiariodesanpedro.com.ar\/sitio\/?p=123522"},"modified":"2023-11-01T13:18:26","modified_gmt":"2023-11-01T16:18:26","slug":"actualizacion-de-proyectos-habitacionales-en-el-ministerio-de-desarrollo-territorial","status":"publish","type":"post","link":"https:\/\/eldiariodesanpedro.com.ar\/sitio\/actualizacion-de-proyectos-habitacionales-en-el-ministerio-de-desarrollo-territorial\/","title":{"rendered":"Actualizaci\u00f3n de proyectos habitacionales en el Ministerio de Desarrollo Territorial"},"content":{"rendered":"<!-- VideographyWP Plugin Message: Automatic video embedding prevented by plugin options. -->\n\n<p>El ministro de Desarrollo Territorial y H\u00e1bitat Santiago Maggiotti recibi\u00f3 esta tarde al Intendente, Cecilio Salazar y al secretario de Econom\u00eda y Hacienda Alfredo Carrasco en un nuevo encuentro concretado para analizar la continuidad de los proyectos habitacionales relacionados con el Partido de San Pedro y su actualizaci\u00f3n financiera.<\/p>\n\n\n\n<p>Ratificando la excelente relaci\u00f3n que se mantiene con este ministerio y con su principal referente, se revisaron todos los proyectos en marcha que a trav\u00e9s iniciativas como la del Programa Federal Casa Propia seguir\u00e1 ampliando su presencia en todo el territorio del Partido.<\/p>\n\n\n\n<p>Cabe destacar que a partir de la gesti\u00f3n del Intendente Salazar se han reanudado proyectos de este tipo y que se trabaja con mucho entusiasmo para que en el nuevo escenario pol\u00edtico y econ\u00f3mico se puedan sumar a los planes que ya est\u00e1n en marcha, otros desarrollos orientados a diferentes sectores de la comunidad, siempre con el objetivo de acercar soluciones a un tema sumamente relevante para muchas familias&nbsp;de&nbsp;San&nbsp;Pedro.<\/p>\n","protected":false},"excerpt":{"rendered":"<p>El ministro de Desarrollo Territorial y H\u00e1bitat Santiago Maggiotti recibi\u00f3 esta tarde al Intendente, Cecilio Salazar y al secretario de Econom\u00eda y Hacienda Alfredo Carrasco en un nuevo encuentro concretado para analizar la continuidad de los proyectos habitacionales relacionados con el Partido de San Pedro y su actualizaci\u00f3n financiera. Ratificando la excelente relaci\u00f3n que se [&hellip;]<\/p>\n","protected":false},"author":4,"featured_media":123523,"comment_status":"closed","ping_status":"closed","sticky":false,"template":"","format":"standard","meta":{"om_disable_all_campaigns":false,"_jetpack_memberships_contains_paid_content":false,"footnotes":""},"categories":[50,101,2],"tags":[197,696,33,19],"class_list":["post-123522","post","type-post","status-publish","format-standard","has-post-thumbnail","hentry","category-destacadas","category-interes-general-locales","category-locales","tag-buenos-aires","tag-interes-general","tag-locales","tag-san-pedro"],"aioseo_notices":[],"gutentor_comment":0,"jetpack_featured_media_url":"https:\/\/eldiariodesanpedro.com.ar\/sitio\/wp-content\/uploads\/2023\/11\/Imagen-de-WhatsApp-2023-10-31-a-las-20.16.30_4d99934f.jpg","jetpack_shortlink":"https:\/\/wp.me\/p6RhLt-w8i","jetpack_sharing_enabled":true,"_links":{"self":[{"href":"https:\/\/eldiariodesanpedro.com.ar\/sitio\/wp-json\/wp\/v2\/posts\/123522","targetHints":{"allow":["GET"]}}],"collection":[{"href":"https:\/\/eldiariodesanpedro.com.ar\/sitio\/wp-json\/wp\/v2\/posts"}],"about":[{"href":"https:\/\/eldiariodesanpedro.com.ar\/sitio\/wp-json\/wp\/v2\/types\/post"}],"author":[{"embeddable":true,"href":"https:\/\/eldiariodesanpedro.com.ar\/sitio\/wp-json\/wp\/v2\/users\/4"}],"replies":[{"embeddable":true,"href":"https:\/\/eldiariodesanpedro.com.ar\/sitio\/wp-json\/wp\/v2\/comments?post=123522"}],"version-history":[{"count":1,"href":"https:\/\/eldiariodesanpedro.com.ar\/sitio\/wp-json\/wp\/v2\/posts\/123522\/revisions"}],"predecessor-version":[{"id":123525,"href":"https:\/\/eldiariodesanpedro.com.ar\/sitio\/wp-json\/wp\/v2\/posts\/123522\/revisions\/123525"}],"wp:featuredmedia":[{"embeddable":true,"href":"https:\/\/eldiariodesanpedro.com.ar\/sitio\/wp-json\/wp\/v2\/media\/123523"}],"wp:attachment":[{"href":"https:\/\/eldiariodesanpedro.com.ar\/sitio\/wp-json\/wp\/v2\/media?parent=123522"}],"wp:term":[{"taxonomy":"category","embeddable":true,"href":"https:\/\/eldiariodesanpedro.com.ar\/sitio\/wp-json\/wp\/v2\/categories?post=123522"},{"taxonomy":"post_tag","embeddable":true,"href":"https:\/\/eldiariodesanpedro.com.ar\/sitio\/wp-json\/wp\/v2\/tags?post=123522"}],"curies":[{"name":"wp","href":"https:\/\/api.w.org\/{rel}","templated":true}]}}