{"id":123518,"date":"2023-11-01T11:05:02","date_gmt":"2023-11-01T14:05:02","guid":{"rendered":"https:\/\/eldiariodesanpedro.com.ar\/sitio\/?p=123518"},"modified":"2023-11-01T11:05:04","modified_gmt":"2023-11-01T14:05:04","slug":"edicto-de-sucesion-de-gonzalez-martha-hebe","status":"publish","type":"post","link":"https:\/\/eldiariodesanpedro.com.ar\/sitio\/edicto-de-sucesion-de-gonzalez-martha-hebe\/","title":{"rendered":"Edicto de Sucesi\u00f3n de Gonzalez Martha Hebe"},"content":{"rendered":"<!-- VideographyWP Plugin Message: Automatic video embedding prevented by plugin options. -->\n\n<p>El Juzgado de Paz Letrado de San Pedro, Secretaria \u00danica, Departamento Judicial de San Nicol\u00e1s, cita y emplaza por 30 d\u00edas a herederos y acreedores de <strong>Gonzalez, Martha Hebe<\/strong>.- San pedro, 30 de octubre de 2023.-<\/p>\n\n\n\n<p>FACUNDO VELL\u00d3N<br>ABOGADO SECRETARIO\u00a0<\/p>\n\n\n\n<p>(Publicaci\u00f3n V\u00e1lida los d\u00edas 01, 02 y 03 de noviembre de 2023)<br><a href=\"https:\/\/notificaciones.scba.gov.ar\/verificarnotificacion.aspx?codNotif=Q9ZK6P\">https:\/\/notificaciones.scba.gov.ar\/verificarnotificacion.aspx?codNotif=Q9ZK6P<\/a><\/p>\n","protected":false},"excerpt":{"rendered":"<p>El Juzgado de Paz Letrado de San Pedro, Secretaria \u00danica, Departamento Judicial de San Nicol\u00e1s, cita y emplaza por 30 d\u00edas a herederos y acreedores de Gonzalez, Martha Hebe.- San pedro, 30 de octubre de 2023.- FACUNDO VELL\u00d3NABOGADO SECRETARIO\u00a0 (Publicaci\u00f3n V\u00e1lida los d\u00edas 01, 02 y 03 de noviembre de 2023)https:\/\/notificaciones.scba.gov.ar\/verificarnotificacion.aspx?codNotif=Q9ZK6P<\/p>\n","protected":false},"author":4,"featured_media":102746,"comment_status":"closed","ping_status":"closed","sticky":false,"template":"","format":"standard","meta":{"om_disable_all_campaigns":false,"_jetpack_memberships_contains_paid_content":false,"footnotes":""},"categories":[676,677],"tags":[4573,4574],"class_list":["post-123518","post","type-post","status-publish","format-standard","has-post-thumbnail","hentry","category-edictos","category-edictos-sucesorios","tag-edicto-de-sucesion-de-gonzalez","tag-martha-hebe"],"aioseo_notices":[],"gutentor_comment":0,"jetpack_featured_media_url":"https:\/\/eldiariodesanpedro.com.ar\/sitio\/wp-content\/uploads\/2022\/01\/EDICTO.jpg","jetpack_shortlink":"https:\/\/wp.me\/p6RhLt-w8e","jetpack_sharing_enabled":true,"_links":{"self":[{"href":"https:\/\/eldiariodesanpedro.com.ar\/sitio\/wp-json\/wp\/v2\/posts\/123518","targetHints":{"allow":["GET"]}}],"collection":[{"href":"https:\/\/eldiariodesanpedro.com.ar\/sitio\/wp-json\/wp\/v2\/posts"}],"about":[{"href":"https:\/\/eldiariodesanpedro.com.ar\/sitio\/wp-json\/wp\/v2\/types\/post"}],"author":[{"embeddable":true,"href":"https:\/\/eldiariodesanpedro.com.ar\/sitio\/wp-json\/wp\/v2\/users\/4"}],"replies":[{"embeddable":true,"href":"https:\/\/eldiariodesanpedro.com.ar\/sitio\/wp-json\/wp\/v2\/comments?post=123518"}],"version-history":[{"count":1,"href":"https:\/\/eldiariodesanpedro.com.ar\/sitio\/wp-json\/wp\/v2\/posts\/123518\/revisions"}],"predecessor-version":[{"id":123519,"href":"https:\/\/eldiariodesanpedro.com.ar\/sitio\/wp-json\/wp\/v2\/posts\/123518\/revisions\/123519"}],"wp:featuredmedia":[{"embeddable":true,"href":"https:\/\/eldiariodesanpedro.com.ar\/sitio\/wp-json\/wp\/v2\/media\/102746"}],"wp:attachment":[{"href":"https:\/\/eldiariodesanpedro.com.ar\/sitio\/wp-json\/wp\/v2\/media?parent=123518"}],"wp:term":[{"taxonomy":"category","embeddable":true,"href":"https:\/\/eldiariodesanpedro.com.ar\/sitio\/wp-json\/wp\/v2\/categories?post=123518"},{"taxonomy":"post_tag","embeddable":true,"href":"https:\/\/eldiariodesanpedro.com.ar\/sitio\/wp-json\/wp\/v2\/tags?post=123518"}],"curies":[{"name":"wp","href":"https:\/\/api.w.org\/{rel}","templated":true}]}}