{"id":123516,"date":"2023-11-01T10:57:49","date_gmt":"2023-11-01T13:57:49","guid":{"rendered":"https:\/\/eldiariodesanpedro.com.ar\/sitio\/?p=123516"},"modified":"2023-11-01T10:57:51","modified_gmt":"2023-11-01T13:57:51","slug":"edicto-de-sucesion-de-arsenio-hugo-montalvo-y-maria-luisa-pascale","status":"publish","type":"post","link":"https:\/\/eldiariodesanpedro.com.ar\/sitio\/edicto-de-sucesion-de-arsenio-hugo-montalvo-y-maria-luisa-pascale\/","title":{"rendered":"Edicto de Sucesi\u00f3n de Arsenio Hugo Montalvo y Mar\u00eda Luisa Pascale"},"content":{"rendered":"<!-- VideographyWP Plugin Message: Automatic video embedding prevented by plugin options. -->\n\n<p>El Juzgado de Paz de Baradero, Secretar\u00eda \u00danica, Dpto. Judicial de San Nicol\u00e1s, cita y emplaza por treinta d\u00edas a herederos y acreedores de: Don <strong>Arsenio Hugo Montalvo<\/strong> y Do\u00f1a <strong>Mar\u00eda Luisa Pascale<\/strong>, para que se presenten a hacer valer sus derechos.- Baradero, de de 2023.-<\/p>\n\n\n\n<p>ESTEBAN OMAR PERUSINA<br>ABOGADO SECRETARIO\u00a0<\/p>\n\n\n\n<p>(Publicaci\u00f3n V\u00e1lida los d\u00edas 01, 02 y 03 de noviembre de 2023)<br><a href=\"https:\/\/notificaciones.scba.gov.ar\/verificarnotificacion.aspx?codNotif=2LD66H\">https:\/\/notificaciones.scba.gov.ar\/verificarnotificacion.aspx?codNotif=2LD66H<\/a><\/p>\n","protected":false},"excerpt":{"rendered":"<p>El Juzgado de Paz de Baradero, Secretar\u00eda \u00danica, Dpto. Judicial de San Nicol\u00e1s, cita y emplaza por treinta d\u00edas a herederos y acreedores de: Don Arsenio Hugo Montalvo y Do\u00f1a Mar\u00eda Luisa Pascale, para que se presenten a hacer valer sus derechos.- Baradero, de de 2023.- ESTEBAN OMAR PERUSINAABOGADO SECRETARIO\u00a0 (Publicaci\u00f3n V\u00e1lida los d\u00edas 01, [&hellip;]<\/p>\n","protected":false},"author":4,"featured_media":102746,"comment_status":"closed","ping_status":"closed","sticky":false,"template":"","format":"standard","meta":{"om_disable_all_campaigns":false,"_jetpack_memberships_contains_paid_content":false,"footnotes":""},"categories":[676,677],"tags":[4572],"class_list":["post-123516","post","type-post","status-publish","format-standard","has-post-thumbnail","hentry","category-edictos","category-edictos-sucesorios","tag-edicto-de-sucesion-de-arsenio-hugo-montalvo-y-maria-luisa-pascale"],"aioseo_notices":[],"gutentor_comment":0,"jetpack_featured_media_url":"https:\/\/eldiariodesanpedro.com.ar\/sitio\/wp-content\/uploads\/2022\/01\/EDICTO.jpg","jetpack_shortlink":"https:\/\/wp.me\/p6RhLt-w8c","jetpack_sharing_enabled":true,"_links":{"self":[{"href":"https:\/\/eldiariodesanpedro.com.ar\/sitio\/wp-json\/wp\/v2\/posts\/123516","targetHints":{"allow":["GET"]}}],"collection":[{"href":"https:\/\/eldiariodesanpedro.com.ar\/sitio\/wp-json\/wp\/v2\/posts"}],"about":[{"href":"https:\/\/eldiariodesanpedro.com.ar\/sitio\/wp-json\/wp\/v2\/types\/post"}],"author":[{"embeddable":true,"href":"https:\/\/eldiariodesanpedro.com.ar\/sitio\/wp-json\/wp\/v2\/users\/4"}],"replies":[{"embeddable":true,"href":"https:\/\/eldiariodesanpedro.com.ar\/sitio\/wp-json\/wp\/v2\/comments?post=123516"}],"version-history":[{"count":1,"href":"https:\/\/eldiariodesanpedro.com.ar\/sitio\/wp-json\/wp\/v2\/posts\/123516\/revisions"}],"predecessor-version":[{"id":123517,"href":"https:\/\/eldiariodesanpedro.com.ar\/sitio\/wp-json\/wp\/v2\/posts\/123516\/revisions\/123517"}],"wp:featuredmedia":[{"embeddable":true,"href":"https:\/\/eldiariodesanpedro.com.ar\/sitio\/wp-json\/wp\/v2\/media\/102746"}],"wp:attachment":[{"href":"https:\/\/eldiariodesanpedro.com.ar\/sitio\/wp-json\/wp\/v2\/media?parent=123516"}],"wp:term":[{"taxonomy":"category","embeddable":true,"href":"https:\/\/eldiariodesanpedro.com.ar\/sitio\/wp-json\/wp\/v2\/categories?post=123516"},{"taxonomy":"post_tag","embeddable":true,"href":"https:\/\/eldiariodesanpedro.com.ar\/sitio\/wp-json\/wp\/v2\/tags?post=123516"}],"curies":[{"name":"wp","href":"https:\/\/api.w.org\/{rel}","templated":true}]}}