{"id":123505,"date":"2023-10-31T21:34:57","date_gmt":"2023-11-01T00:34:57","guid":{"rendered":"https:\/\/eldiariodesanpedro.com.ar\/sitio\/?p=123505"},"modified":"2023-10-31T21:35:00","modified_gmt":"2023-11-01T00:35:00","slug":"sujeto-de-30-anos-amenazo-con-un-cuchillo-de-cocina-a-un-hombre","status":"publish","type":"post","link":"https:\/\/eldiariodesanpedro.com.ar\/sitio\/sujeto-de-30-anos-amenazo-con-un-cuchillo-de-cocina-a-un-hombre\/","title":{"rendered":"Sujeto de 30 a\u00f1os amenaz\u00f3 con un cuchillo de cocina a un hombre"},"content":{"rendered":"<!-- VideographyWP Plugin Message: Automatic video embedding prevented by plugin options. -->\n\n<p>En un suceso que tuvo lugar el d\u00eda de ayer, el personal policial respondi\u00f3 a un llamado de emergencia en la intersecci\u00f3n de las calles Hermano Indio y D\u00e1vila. All\u00ed se produjo una grave amenaza con un cuchillo de cocina perpetrada por un hombre de 30 a\u00f1os contra otro individuo de 53 a\u00f1os.<\/p>\n\n\n\n<p>La pronta intervenci\u00f3n de las autoridades result\u00f3 en la aprehensi\u00f3n del individuo que hab\u00eda utilizado un arma blanca para llevar a cabo la amenaza. El detenido ha quedado bajo la custodia de las autoridades locales y est\u00e1 a disposici\u00f3n de la justicia mientras se investiga el incidente en detalle.<\/p>\n\n\n\n<p><a href=\"https:\/\/canalwebsanpedro.com.ar\/sujeto-de-30-anos-amenazo-con-un-cuchillo-de-cocina-a-un-hombre\/\"><\/a><\/p>\n","protected":false},"excerpt":{"rendered":"<p>En un suceso que tuvo lugar el d\u00eda de ayer, el personal policial respondi\u00f3 a un llamado de emergencia en la intersecci\u00f3n de las calles Hermano Indio y D\u00e1vila. All\u00ed se produjo una grave amenaza con un cuchillo de cocina perpetrada por un hombre de 30 a\u00f1os contra otro individuo de 53 a\u00f1os. La pronta [&hellip;]<\/p>\n","protected":false},"author":4,"featured_media":123506,"comment_status":"closed","ping_status":"closed","sticky":false,"template":"","format":"standard","meta":{"om_disable_all_campaigns":false,"_jetpack_memberships_contains_paid_content":false,"footnotes":""},"categories":[2,103],"tags":[197,33,95,19],"class_list":["post-123505","post","type-post","status-publish","format-standard","has-post-thumbnail","hentry","category-locales","category-policiales-locales","tag-buenos-aires","tag-locales","tag-policiales","tag-san-pedro"],"aioseo_notices":[],"gutentor_comment":0,"jetpack_featured_media_url":"https:\/\/eldiariodesanpedro.com.ar\/sitio\/wp-content\/uploads\/2023\/10\/detencion-agresion-2.jpg","jetpack_shortlink":"https:\/\/wp.me\/p6RhLt-w81","jetpack_sharing_enabled":true,"_links":{"self":[{"href":"https:\/\/eldiariodesanpedro.com.ar\/sitio\/wp-json\/wp\/v2\/posts\/123505","targetHints":{"allow":["GET"]}}],"collection":[{"href":"https:\/\/eldiariodesanpedro.com.ar\/sitio\/wp-json\/wp\/v2\/posts"}],"about":[{"href":"https:\/\/eldiariodesanpedro.com.ar\/sitio\/wp-json\/wp\/v2\/types\/post"}],"author":[{"embeddable":true,"href":"https:\/\/eldiariodesanpedro.com.ar\/sitio\/wp-json\/wp\/v2\/users\/4"}],"replies":[{"embeddable":true,"href":"https:\/\/eldiariodesanpedro.com.ar\/sitio\/wp-json\/wp\/v2\/comments?post=123505"}],"version-history":[{"count":1,"href":"https:\/\/eldiariodesanpedro.com.ar\/sitio\/wp-json\/wp\/v2\/posts\/123505\/revisions"}],"predecessor-version":[{"id":123507,"href":"https:\/\/eldiariodesanpedro.com.ar\/sitio\/wp-json\/wp\/v2\/posts\/123505\/revisions\/123507"}],"wp:featuredmedia":[{"embeddable":true,"href":"https:\/\/eldiariodesanpedro.com.ar\/sitio\/wp-json\/wp\/v2\/media\/123506"}],"wp:attachment":[{"href":"https:\/\/eldiariodesanpedro.com.ar\/sitio\/wp-json\/wp\/v2\/media?parent=123505"}],"wp:term":[{"taxonomy":"category","embeddable":true,"href":"https:\/\/eldiariodesanpedro.com.ar\/sitio\/wp-json\/wp\/v2\/categories?post=123505"},{"taxonomy":"post_tag","embeddable":true,"href":"https:\/\/eldiariodesanpedro.com.ar\/sitio\/wp-json\/wp\/v2\/tags?post=123505"}],"curies":[{"name":"wp","href":"https:\/\/api.w.org\/{rel}","templated":true}]}}