{"id":123502,"date":"2023-10-31T21:26:53","date_gmt":"2023-11-01T00:26:53","guid":{"rendered":"https:\/\/eldiariodesanpedro.com.ar\/sitio\/?p=123502"},"modified":"2023-10-31T21:26:56","modified_gmt":"2023-11-01T00:26:56","slug":"amenazo-a-su-hermano-con-un-cuchillo-y-fue-detenida-por-la-policia","status":"publish","type":"post","link":"https:\/\/eldiariodesanpedro.com.ar\/sitio\/amenazo-a-su-hermano-con-un-cuchillo-y-fue-detenida-por-la-policia\/","title":{"rendered":"Amenaz\u00f3 a su hermano con un cuchillo y fue detenida por la polic\u00eda"},"content":{"rendered":"<!-- VideographyWP Plugin Message: Automatic video embedding prevented by plugin options. -->\n\n<p><a href=\"https:\/\/canalwebsanpedro.com.ar\/amenazo-a-su-hermano-con-un-cuchillo-y-fue-detenida-por-la-policia\/\"><\/a>En un acontecimiento ocurrido el d\u00eda de ayer, el personal de la Estaci\u00f3n de Polic\u00eda Comunal respondi\u00f3 a un llamado de emergencia en la direcci\u00f3n Aul\u00ed Bis al 200. La respuesta de las autoridades se debi\u00f3 a que una mujer de 29 a\u00f1os hab\u00eda amenazado a su hermano, de 27 a\u00f1os de edad, utilizando un cuchillo de cocina como arma.<\/p>\n\n\n\n<p>La r\u00e1pida intervenci\u00f3n de las autoridades result\u00f3 en la detenci\u00f3n de la agresora en cuesti\u00f3n. El caso est\u00e1 bajo la jurisdicci\u00f3n de la Fiscal\u00eda N\u00famero 7, que proceder\u00e1 a evaluar y tomar las medidas legales apropiadas en relaci\u00f3n con estas amenazas agravadas.<\/p>\n","protected":false},"excerpt":{"rendered":"<p>En un acontecimiento ocurrido el d\u00eda de ayer, el personal de la Estaci\u00f3n de Polic\u00eda Comunal respondi\u00f3 a un llamado de emergencia en la direcci\u00f3n Aul\u00ed Bis al 200. La respuesta de las autoridades se debi\u00f3 a que una mujer de 29 a\u00f1os hab\u00eda amenazado a su hermano, de 27 a\u00f1os de edad, utilizando un [&hellip;]<\/p>\n","protected":false},"author":4,"featured_media":123503,"comment_status":"closed","ping_status":"closed","sticky":false,"template":"","format":"standard","meta":{"om_disable_all_campaigns":false,"_jetpack_memberships_contains_paid_content":false,"footnotes":""},"categories":[2,103],"tags":[197,33,95,19],"class_list":["post-123502","post","type-post","status-publish","format-standard","has-post-thumbnail","hentry","category-locales","category-policiales-locales","tag-buenos-aires","tag-locales","tag-policiales","tag-san-pedro"],"aioseo_notices":[],"gutentor_comment":0,"jetpack_featured_media_url":"https:\/\/eldiariodesanpedro.com.ar\/sitio\/wp-content\/uploads\/2023\/10\/detencion-agresion-1.jpg","jetpack_shortlink":"https:\/\/wp.me\/p6RhLt-w7Y","jetpack_sharing_enabled":true,"_links":{"self":[{"href":"https:\/\/eldiariodesanpedro.com.ar\/sitio\/wp-json\/wp\/v2\/posts\/123502","targetHints":{"allow":["GET"]}}],"collection":[{"href":"https:\/\/eldiariodesanpedro.com.ar\/sitio\/wp-json\/wp\/v2\/posts"}],"about":[{"href":"https:\/\/eldiariodesanpedro.com.ar\/sitio\/wp-json\/wp\/v2\/types\/post"}],"author":[{"embeddable":true,"href":"https:\/\/eldiariodesanpedro.com.ar\/sitio\/wp-json\/wp\/v2\/users\/4"}],"replies":[{"embeddable":true,"href":"https:\/\/eldiariodesanpedro.com.ar\/sitio\/wp-json\/wp\/v2\/comments?post=123502"}],"version-history":[{"count":1,"href":"https:\/\/eldiariodesanpedro.com.ar\/sitio\/wp-json\/wp\/v2\/posts\/123502\/revisions"}],"predecessor-version":[{"id":123504,"href":"https:\/\/eldiariodesanpedro.com.ar\/sitio\/wp-json\/wp\/v2\/posts\/123502\/revisions\/123504"}],"wp:featuredmedia":[{"embeddable":true,"href":"https:\/\/eldiariodesanpedro.com.ar\/sitio\/wp-json\/wp\/v2\/media\/123503"}],"wp:attachment":[{"href":"https:\/\/eldiariodesanpedro.com.ar\/sitio\/wp-json\/wp\/v2\/media?parent=123502"}],"wp:term":[{"taxonomy":"category","embeddable":true,"href":"https:\/\/eldiariodesanpedro.com.ar\/sitio\/wp-json\/wp\/v2\/categories?post=123502"},{"taxonomy":"post_tag","embeddable":true,"href":"https:\/\/eldiariodesanpedro.com.ar\/sitio\/wp-json\/wp\/v2\/tags?post=123502"}],"curies":[{"name":"wp","href":"https:\/\/api.w.org\/{rel}","templated":true}]}}