{"id":12350,"date":"2017-01-06T18:54:10","date_gmt":"2017-01-06T21:54:10","guid":{"rendered":"https:\/\/eldiariodesanpedro.com.ar\/sitio\/?p=12350"},"modified":"2026-01-24T00:39:13","modified_gmt":"2026-01-24T03:39:13","slug":"se-llevo-a-cabo-el-acto-de-apertura-del-programa-escuelas-abierta-de-verano-y-del-inicio-de-la-colonia-del-cef-no-14","status":"publish","type":"post","link":"https:\/\/eldiariodesanpedro.com.ar\/sitio\/se-llevo-a-cabo-el-acto-de-apertura-del-programa-escuelas-abierta-de-verano-y-del-inicio-de-la-colonia-del-cef-no-14\/","title":{"rendered":"Se llev\u00f3 a cabo el acto de apertura del programa Escuelas Abierta de Verano y del inicio de la Colonia del CEF N\u00ba 14"},"content":{"rendered":"<p><!-- VideographyWP Plugin Message: Automatic video embedding prevented by plugin options. --><br \/>\nEn la ma\u00f1ana de hoy, en el Estadio Municipal, se llev\u00f3 a cabo el Acto de Apertura del programa, como as\u00ed tambi\u00e9n se dio inicio de la Colonia del CEF N\u00ba 14.<\/p>\n<p>En ese sentido Eleanora Taurizano, jefa distrital de Educaci\u00f3n, sostuvo: \u201cYo les quiero contar que es la primera vez en muchos a\u00f1os que el programa tiene la modalidad de actividades l\u00fadicas y recreativas, o sea que ya no hay escuelas solamente con comedor, porque estamos convencidos de que los chicos necesitan seguir estando en la escuela y seguir aprendiendo mientras pasa el verano\u201d. \u201cHay muchas cosas divertidas en la escuela para hacer\u201d, a\u00f1adi\u00f3. <\/p>\n<p>Y luego agreg\u00f3: \u201cEsto es una escuela aunque ustedes les parezca que no, porque se aprende a nadar a jugar, a compartir, actividades art\u00edsticas\u201d.<\/p>\n<p>\u201cEs la primera vez que el gobierno de la Provincia de Buenos Aires nos manda los materiales deportivos, los flotadores, las tablas, las pelotas, los aros; para que puedan realizar distintas actividades\u201d, asever\u00f3 Taurizano.<\/p>\n<p>Y por \u00faltimo sostuvo: \u201cTenemos todas las sedes funcionando, 14 en total, con todos los cargos cubiertos\u201d. Por su parte el intendente Salazar se\u00f1al\u00f3: \u201cEstamos a disposici\u00f3n de ustedes para seguir trabajando durante el a\u00f1o\u201d.<\/p>\n<p>Cabe destacar que las sedes son: CEC 801, CEC 802, CEC 803, CEC 804, CEC 805, Escuelas Primarias 3, 10, 11, 24, 44, 45, 47, Escuela Especial 501 y Secundaria 7.<\/p>\n<p>A trav\u00e9s del programa se ofrece la posibilidad de conformar sedes en diferentes modalidades. Una de ellas ser\u00e1 la Propuesta Recreativa y la otra ser\u00e1 Propuesta Recreativa y Servicio Alimentario Escolar con el prop\u00f3sito de alcanzar metas educativas y recreativas con centralidad en los ni\u00f1os y adolescentes y favorecer la inclusi\u00f3n social, la integraci\u00f3n y la promoci\u00f3n de actividades f\u00edsicas y art\u00edstico-culturales.<\/p>\n<p>La educaci\u00f3n estar\u00e1 presente en el verano con el prop\u00f3sito de sostener la inclusi\u00f3n social, la integraci\u00f3n  y la promoci\u00f3n de actividades f\u00edsicas, art\u00edstico-culturales y de recreaci\u00f3n, incluyendo el trabajo con materiales diversos. En este contexto se trabaj\u00f3 en la construcci\u00f3n de equipos en los que la tarea conjunta entre inspectores de ense\u00f1anza, coordinadores, directores, personal docente y no docente, para planificar, implementar y evaluar acciones con el prop\u00f3sito de alcanzar metas educativas y recreativas con centralidad en los ni\u00f1os y\/o adolescentes.<\/p>\n","protected":false},"excerpt":{"rendered":"<p>En la ma\u00f1ana de hoy, en el Estadio Municipal, se llev\u00f3 a cabo el Acto de Apertura del programa, como as\u00ed tambi\u00e9n se dio inicio de la Colonia del CEF N\u00ba 14. En ese sentido Eleanora Taurizano, jefa distrital de Educaci\u00f3n, sostuvo: \u201cYo les quiero contar que es la primera vez en muchos a\u00f1os que [&hellip;]<\/p>\n","protected":false},"author":4,"featured_media":12351,"comment_status":"open","ping_status":"closed","sticky":false,"template":"","format":"standard","meta":{"om_disable_all_campaigns":false,"_jetpack_memberships_contains_paid_content":false,"footnotes":""},"categories":[2],"tags":[],"class_list":["post-12350","post","type-post","status-publish","format-standard","has-post-thumbnail","hentry","category-locales"],"aioseo_notices":[],"gutentor_comment":0,"jetpack_featured_media_url":"https:\/\/eldiariodesanpedro.com.ar\/sitio\/wp-content\/uploads\/2017\/01\/Se-llev\u00f3-a-cabo-el-acto-de-apertura-del-programa-Escuelas-Abierta-de-Verano.jpg","jetpack_shortlink":"https:\/\/wp.me\/p6RhLt-3dc","jetpack_sharing_enabled":true,"_links":{"self":[{"href":"https:\/\/eldiariodesanpedro.com.ar\/sitio\/wp-json\/wp\/v2\/posts\/12350","targetHints":{"allow":["GET"]}}],"collection":[{"href":"https:\/\/eldiariodesanpedro.com.ar\/sitio\/wp-json\/wp\/v2\/posts"}],"about":[{"href":"https:\/\/eldiariodesanpedro.com.ar\/sitio\/wp-json\/wp\/v2\/types\/post"}],"author":[{"embeddable":true,"href":"https:\/\/eldiariodesanpedro.com.ar\/sitio\/wp-json\/wp\/v2\/users\/4"}],"replies":[{"embeddable":true,"href":"https:\/\/eldiariodesanpedro.com.ar\/sitio\/wp-json\/wp\/v2\/comments?post=12350"}],"version-history":[{"count":1,"href":"https:\/\/eldiariodesanpedro.com.ar\/sitio\/wp-json\/wp\/v2\/posts\/12350\/revisions"}],"predecessor-version":[{"id":12352,"href":"https:\/\/eldiariodesanpedro.com.ar\/sitio\/wp-json\/wp\/v2\/posts\/12350\/revisions\/12352"}],"wp:featuredmedia":[{"embeddable":true,"href":"https:\/\/eldiariodesanpedro.com.ar\/sitio\/wp-json\/wp\/v2\/media\/12351"}],"wp:attachment":[{"href":"https:\/\/eldiariodesanpedro.com.ar\/sitio\/wp-json\/wp\/v2\/media?parent=12350"}],"wp:term":[{"taxonomy":"category","embeddable":true,"href":"https:\/\/eldiariodesanpedro.com.ar\/sitio\/wp-json\/wp\/v2\/categories?post=12350"},{"taxonomy":"post_tag","embeddable":true,"href":"https:\/\/eldiariodesanpedro.com.ar\/sitio\/wp-json\/wp\/v2\/tags?post=12350"}],"curies":[{"name":"wp","href":"https:\/\/api.w.org\/{rel}","templated":true}]}}