{"id":123499,"date":"2023-10-31T21:14:33","date_gmt":"2023-11-01T00:14:33","guid":{"rendered":"https:\/\/eldiariodesanpedro.com.ar\/sitio\/?p=123499"},"modified":"2023-10-31T21:14:35","modified_gmt":"2023-11-01T00:14:35","slug":"manifestacion-de-entidades-rurales-por-la-falta-de-combustible","status":"publish","type":"post","link":"https:\/\/eldiariodesanpedro.com.ar\/sitio\/manifestacion-de-entidades-rurales-por-la-falta-de-combustible\/","title":{"rendered":"Manifestaci\u00f3n de entidades rurales por la falta de combustible"},"content":{"rendered":"<!-- VideographyWP Plugin Message: Automatic video embedding prevented by plugin options. -->\n\n<p>Quince sociedades rurales y asociaciones de productores se concentrar\u00e1n este jueves, desde las 9 en el cruce de las rutas 8 y 41, en San Antonio de Areco en protesta por la escasez del combustible.<br>\u201cHemos resuelto el d\u00eda jueves convocarnos en la rotonda de la ruta 8 y 41 a las 9. Ah\u00ed vamos a estar ratificando nuestra posici\u00f3n con respecto al momento que estamos viviendo, la falta de combustible\u201d, dijo Ra\u00fal V\u00edctores, integrante de la Sociedad Rural de San Pedro, al diario La Naci\u00f3n.<br>V\u00edctores apunt\u00f3 que all\u00ed tambi\u00e9n se har\u00e1 foco en \u201cla preocupaci\u00f3n\u201d porque el pa\u00eds \u201cse degrada d\u00eda a d\u00eda a velocidades inusitadas\u201d.<br>En un comunicado titulado \u201cUn campo sin gasoil o un pa\u00eds sin combustibles es como un cuerpo sin sangre\u201d, rurales y asociaciones de productores de San Pedro, Baradero, Rojas, San Antonio de Areco, Carmen de Areco, Capit\u00e1n Sarmiento, Suipacha, Salto, Vedia, Col\u00f3n, Pergamino, Arrecifes, Jun\u00edn, Lincoln y Sachayoj (Santiago del Estero) criticaron los problemas de abastecimiento del combustible y se pronunciaron por una protesta en las rutas.<br>\u201cAntes que estar parados al lado del tractor hasta que lleguen los barquitos importados (el Gobierno acord\u00f3 el ingreso de la importaci\u00f3n de 10 buques con combustible), salgamos a las rutas a expresar nuestra indignaci\u00f3n\u201d, dijeron las entidades de productores de esas localidades mencionadas.<br>En tanto, la Confederaci\u00f3n de Asociaciones Rurales de Buenos Aires y La Pampa (Carbap), dej\u00f3 abierta la puerta para convocar a su Consejo Directivo para evaluar una eventual medida de \u201cacci\u00f3n directa\u201d tambi\u00e9n por la escasez del combustible.<\/p>\n","protected":false},"excerpt":{"rendered":"<p>Quince sociedades rurales y asociaciones de productores se concentrar\u00e1n este jueves, desde las 9 en el cruce de las rutas 8 y 41, en San Antonio de Areco en protesta por la escasez del combustible.\u201cHemos resuelto el d\u00eda jueves convocarnos en la rotonda de la ruta 8 y 41 a las 9. Ah\u00ed vamos a [&hellip;]<\/p>\n","protected":false},"author":4,"featured_media":123500,"comment_status":"closed","ping_status":"closed","sticky":false,"template":"","format":"standard","meta":{"om_disable_all_campaigns":false,"_jetpack_memberships_contains_paid_content":false,"footnotes":""},"categories":[101,2],"tags":[197,696,33,19],"class_list":["post-123499","post","type-post","status-publish","format-standard","has-post-thumbnail","hentry","category-interes-general-locales","category-locales","tag-buenos-aires","tag-interes-general","tag-locales","tag-san-pedro"],"aioseo_notices":[],"gutentor_comment":0,"jetpack_featured_media_url":"https:\/\/eldiariodesanpedro.com.ar\/sitio\/wp-content\/uploads\/2023\/10\/Gasoil-tractor.jpg","jetpack_shortlink":"https:\/\/wp.me\/p6RhLt-w7V","jetpack_sharing_enabled":true,"_links":{"self":[{"href":"https:\/\/eldiariodesanpedro.com.ar\/sitio\/wp-json\/wp\/v2\/posts\/123499","targetHints":{"allow":["GET"]}}],"collection":[{"href":"https:\/\/eldiariodesanpedro.com.ar\/sitio\/wp-json\/wp\/v2\/posts"}],"about":[{"href":"https:\/\/eldiariodesanpedro.com.ar\/sitio\/wp-json\/wp\/v2\/types\/post"}],"author":[{"embeddable":true,"href":"https:\/\/eldiariodesanpedro.com.ar\/sitio\/wp-json\/wp\/v2\/users\/4"}],"replies":[{"embeddable":true,"href":"https:\/\/eldiariodesanpedro.com.ar\/sitio\/wp-json\/wp\/v2\/comments?post=123499"}],"version-history":[{"count":1,"href":"https:\/\/eldiariodesanpedro.com.ar\/sitio\/wp-json\/wp\/v2\/posts\/123499\/revisions"}],"predecessor-version":[{"id":123501,"href":"https:\/\/eldiariodesanpedro.com.ar\/sitio\/wp-json\/wp\/v2\/posts\/123499\/revisions\/123501"}],"wp:featuredmedia":[{"embeddable":true,"href":"https:\/\/eldiariodesanpedro.com.ar\/sitio\/wp-json\/wp\/v2\/media\/123500"}],"wp:attachment":[{"href":"https:\/\/eldiariodesanpedro.com.ar\/sitio\/wp-json\/wp\/v2\/media?parent=123499"}],"wp:term":[{"taxonomy":"category","embeddable":true,"href":"https:\/\/eldiariodesanpedro.com.ar\/sitio\/wp-json\/wp\/v2\/categories?post=123499"},{"taxonomy":"post_tag","embeddable":true,"href":"https:\/\/eldiariodesanpedro.com.ar\/sitio\/wp-json\/wp\/v2\/tags?post=123499"}],"curies":[{"name":"wp","href":"https:\/\/api.w.org\/{rel}","templated":true}]}}