{"id":123486,"date":"2023-10-31T16:36:59","date_gmt":"2023-10-31T19:36:59","guid":{"rendered":"https:\/\/eldiariodesanpedro.com.ar\/sitio\/?p=123486"},"modified":"2023-10-31T16:37:01","modified_gmt":"2023-10-31T19:37:01","slug":"secuestraron-los-tres-autos-involucrados-en-el-tiroteo-ocurrido-ayer-en-la-estacion-de-servicios","status":"publish","type":"post","link":"https:\/\/eldiariodesanpedro.com.ar\/sitio\/secuestraron-los-tres-autos-involucrados-en-el-tiroteo-ocurrido-ayer-en-la-estacion-de-servicios\/","title":{"rendered":"Secuestraron los tres autos involucrados en el tiroteo ocurrido ayer en la estaci\u00f3n de servicios"},"content":{"rendered":"<!-- VideographyWP Plugin Message: Automatic video embedding prevented by plugin options. -->\n\n<p>Una investigaci\u00f3n en curso se centra en un incidente violento que ocurri\u00f3 cerca del mediod\u00eda en la estaci\u00f3n de servicio de Pellegrini y Avenida 3 de Febrero. Como resultado de esta investigaci\u00f3n, se logr\u00f3 el aseguramiento de dos veh\u00edculos adicionales en horas posteriores. Los veh\u00edculos en cuesti\u00f3n son un Renault 11 de color verde, que estaba siendo utilizado por la v\u00edctima del incidente, y una Volkswagen Saveiro que lo segu\u00eda. La camioneta ten\u00eda una orden de secuestro activa emitida por la Justicia de la provincia de C\u00f3rdoba debido a un robo en el a\u00f1o 2014. Ambos veh\u00edculos fueron localizados en un taller ubicado en Berutti 255.<\/p>\n\n\n\n<p>Hasta el momento, la persona hacia la que se dispar\u00f3 en el incidente no ha sido encontrada para prestar testimonio sobre lo ocurrido, aunque se sospecha que sufri\u00f3 heridas durante el ataque.<\/p>\n\n\n\n<p>El personal policial a cargo de la Comisario Valeria Sosa emprendi\u00f3 r\u00e1pidamente acciones para identificar a los autores poco despu\u00e9s del ataque armado. Tras el incidente, los sospechosos huyeron del lugar en un veh\u00edculo Peugeot Partner, que fue interceptado m\u00e1s tarde en Avenida Sarmiento e Irlanda. Dentro del veh\u00edculo utilitario, se encontr\u00f3 una pistola calibre 9 mm, que se presume fue utilizada por el agresor, adem\u00e1s de una peque\u00f1a cantidad de coca\u00edna.<\/p>\n\n\n\n<p>El agresor armado y su c\u00f3mplice abandonaron el establecimiento en el que se encontraban tomando caf\u00e9. El agresor golpe\u00f3 el parabrisas del Renault 11 con la culata de la pistola y efectu\u00f3 un disparo hacia el interior del veh\u00edculo. La v\u00edctima escap\u00f3 en direcci\u00f3n a la calle Pellegrini mientras la Saveiro se encargaba de trasladar el veh\u00edculo.<\/p>\n\n\n\n<figure class=\"wp-block-image size-large\"><img decoding=\"async\" width=\"1024\" height=\"576\" data-attachment-id=\"123488\" data-permalink=\"https:\/\/eldiariodesanpedro.com.ar\/sitio\/secuestraron-los-tres-autos-involucrados-en-el-tiroteo-ocurrido-ayer-en-la-estacion-de-servicios\/tiroteo-vehiculos-3\/\" data-orig-file=\"https:\/\/eldiariodesanpedro.com.ar\/sitio\/wp-content\/uploads\/2023\/10\/Tiroteo-vehiculos-3.jpg\" data-orig-size=\"1120,630\" data-comments-opened=\"0\" data-image-meta=\"{&quot;aperture&quot;:&quot;0&quot;,&quot;credit&quot;:&quot;&quot;,&quot;camera&quot;:&quot;&quot;,&quot;caption&quot;:&quot;&quot;,&quot;created_timestamp&quot;:&quot;0&quot;,&quot;copyright&quot;:&quot;&quot;,&quot;focal_length&quot;:&quot;0&quot;,&quot;iso&quot;:&quot;0&quot;,&quot;shutter_speed&quot;:&quot;0&quot;,&quot;title&quot;:&quot;&quot;,&quot;orientation&quot;:&quot;0&quot;}\" data-image-title=\"Tiroteo veh\u00edculos 3\" data-image-description=\"\" data-image-caption=\"\" data-large-file=\"https:\/\/eldiariodesanpedro.com.ar\/sitio\/wp-content\/uploads\/2023\/10\/Tiroteo-vehiculos-3-1024x576.jpg\" data-src=\"https:\/\/eldiariodesanpedro.com.ar\/sitio\/wp-content\/uploads\/2023\/10\/Tiroteo-vehiculos-3-1024x576.jpg\" alt=\"\" class=\"wp-image-123488 lazyload\" data-srcset=\"https:\/\/eldiariodesanpedro.com.ar\/sitio\/wp-content\/uploads\/2023\/10\/Tiroteo-vehiculos-3-1024x576.jpg 1024w, https:\/\/eldiariodesanpedro.com.ar\/sitio\/wp-content\/uploads\/2023\/10\/Tiroteo-vehiculos-3-300x169.jpg 300w, https:\/\/eldiariodesanpedro.com.ar\/sitio\/wp-content\/uploads\/2023\/10\/Tiroteo-vehiculos-3-768x432.jpg 768w, https:\/\/eldiariodesanpedro.com.ar\/sitio\/wp-content\/uploads\/2023\/10\/Tiroteo-vehiculos-3.jpg 1120w\" data-sizes=\"(max-width: 1024px) 100vw, 1024px\" src=\"data:image\/svg+xml;base64,PHN2ZyB3aWR0aD0iMSIgaGVpZ2h0PSIxIiB4bWxucz0iaHR0cDovL3d3dy53My5vcmcvMjAwMC9zdmciPjwvc3ZnPg==\" style=\"--smush-placeholder-width: 1024px; --smush-placeholder-aspect-ratio: 1024\/576;\" \/><\/figure>\n\n\n\n<figure class=\"wp-block-image size-large\"><img decoding=\"async\" width=\"1024\" height=\"576\" data-attachment-id=\"123489\" data-permalink=\"https:\/\/eldiariodesanpedro.com.ar\/sitio\/secuestraron-los-tres-autos-involucrados-en-el-tiroteo-ocurrido-ayer-en-la-estacion-de-servicios\/tiroteo-vehiculos-2\/\" data-orig-file=\"https:\/\/eldiariodesanpedro.com.ar\/sitio\/wp-content\/uploads\/2023\/10\/Tiroteo-vehiculos-2.jpg\" data-orig-size=\"1120,630\" data-comments-opened=\"0\" data-image-meta=\"{&quot;aperture&quot;:&quot;0&quot;,&quot;credit&quot;:&quot;&quot;,&quot;camera&quot;:&quot;&quot;,&quot;caption&quot;:&quot;&quot;,&quot;created_timestamp&quot;:&quot;0&quot;,&quot;copyright&quot;:&quot;&quot;,&quot;focal_length&quot;:&quot;0&quot;,&quot;iso&quot;:&quot;0&quot;,&quot;shutter_speed&quot;:&quot;0&quot;,&quot;title&quot;:&quot;&quot;,&quot;orientation&quot;:&quot;0&quot;}\" data-image-title=\"Tiroteo veh\u00edculos 2\" data-image-description=\"\" data-image-caption=\"\" data-large-file=\"https:\/\/eldiariodesanpedro.com.ar\/sitio\/wp-content\/uploads\/2023\/10\/Tiroteo-vehiculos-2-1024x576.jpg\" data-src=\"https:\/\/eldiariodesanpedro.com.ar\/sitio\/wp-content\/uploads\/2023\/10\/Tiroteo-vehiculos-2-1024x576.jpg\" alt=\"\" class=\"wp-image-123489 lazyload\" data-srcset=\"https:\/\/eldiariodesanpedro.com.ar\/sitio\/wp-content\/uploads\/2023\/10\/Tiroteo-vehiculos-2-1024x576.jpg 1024w, https:\/\/eldiariodesanpedro.com.ar\/sitio\/wp-content\/uploads\/2023\/10\/Tiroteo-vehiculos-2-300x169.jpg 300w, https:\/\/eldiariodesanpedro.com.ar\/sitio\/wp-content\/uploads\/2023\/10\/Tiroteo-vehiculos-2-768x432.jpg 768w, https:\/\/eldiariodesanpedro.com.ar\/sitio\/wp-content\/uploads\/2023\/10\/Tiroteo-vehiculos-2.jpg 1120w\" data-sizes=\"(max-width: 1024px) 100vw, 1024px\" src=\"data:image\/svg+xml;base64,PHN2ZyB3aWR0aD0iMSIgaGVpZ2h0PSIxIiB4bWxucz0iaHR0cDovL3d3dy53My5vcmcvMjAwMC9zdmciPjwvc3ZnPg==\" style=\"--smush-placeholder-width: 1024px; --smush-placeholder-aspect-ratio: 1024\/576;\" \/><\/figure>\n","protected":false},"excerpt":{"rendered":"<p>Una investigaci\u00f3n en curso se centra en un incidente violento que ocurri\u00f3 cerca del mediod\u00eda en la estaci\u00f3n de servicio de Pellegrini y Avenida 3 de Febrero. Como resultado de esta investigaci\u00f3n, se logr\u00f3 el aseguramiento de dos veh\u00edculos adicionales en horas posteriores. Los veh\u00edculos en cuesti\u00f3n son un Renault 11 de color verde, que [&hellip;]<\/p>\n","protected":false},"author":4,"featured_media":123487,"comment_status":"closed","ping_status":"closed","sticky":false,"template":"","format":"standard","meta":{"om_disable_all_campaigns":false,"_jetpack_memberships_contains_paid_content":false,"footnotes":""},"categories":[2,103],"tags":[],"class_list":["post-123486","post","type-post","status-publish","format-standard","has-post-thumbnail","hentry","category-locales","category-policiales-locales"],"aioseo_notices":[],"gutentor_comment":0,"jetpack_featured_media_url":"https:\/\/eldiariodesanpedro.com.ar\/sitio\/wp-content\/uploads\/2023\/10\/Tiroteo-vehiculos-1.jpg","jetpack_shortlink":"https:\/\/wp.me\/p6RhLt-w7I","jetpack_sharing_enabled":true,"_links":{"self":[{"href":"https:\/\/eldiariodesanpedro.com.ar\/sitio\/wp-json\/wp\/v2\/posts\/123486","targetHints":{"allow":["GET"]}}],"collection":[{"href":"https:\/\/eldiariodesanpedro.com.ar\/sitio\/wp-json\/wp\/v2\/posts"}],"about":[{"href":"https:\/\/eldiariodesanpedro.com.ar\/sitio\/wp-json\/wp\/v2\/types\/post"}],"author":[{"embeddable":true,"href":"https:\/\/eldiariodesanpedro.com.ar\/sitio\/wp-json\/wp\/v2\/users\/4"}],"replies":[{"embeddable":true,"href":"https:\/\/eldiariodesanpedro.com.ar\/sitio\/wp-json\/wp\/v2\/comments?post=123486"}],"version-history":[{"count":1,"href":"https:\/\/eldiariodesanpedro.com.ar\/sitio\/wp-json\/wp\/v2\/posts\/123486\/revisions"}],"predecessor-version":[{"id":123490,"href":"https:\/\/eldiariodesanpedro.com.ar\/sitio\/wp-json\/wp\/v2\/posts\/123486\/revisions\/123490"}],"wp:featuredmedia":[{"embeddable":true,"href":"https:\/\/eldiariodesanpedro.com.ar\/sitio\/wp-json\/wp\/v2\/media\/123487"}],"wp:attachment":[{"href":"https:\/\/eldiariodesanpedro.com.ar\/sitio\/wp-json\/wp\/v2\/media?parent=123486"}],"wp:term":[{"taxonomy":"category","embeddable":true,"href":"https:\/\/eldiariodesanpedro.com.ar\/sitio\/wp-json\/wp\/v2\/categories?post=123486"},{"taxonomy":"post_tag","embeddable":true,"href":"https:\/\/eldiariodesanpedro.com.ar\/sitio\/wp-json\/wp\/v2\/tags?post=123486"}],"curies":[{"name":"wp","href":"https:\/\/api.w.org\/{rel}","templated":true}]}}