{"id":123482,"date":"2023-10-31T16:16:40","date_gmt":"2023-10-31T19:16:40","guid":{"rendered":"https:\/\/eldiariodesanpedro.com.ar\/sitio\/?p=123482"},"modified":"2023-10-31T16:16:42","modified_gmt":"2023-10-31T19:16:42","slug":"robo-en-cec-801-y-escuela-7-durante-el-fin-de-semana","status":"publish","type":"post","link":"https:\/\/eldiariodesanpedro.com.ar\/sitio\/robo-en-cec-801-y-escuela-7-durante-el-fin-de-semana\/","title":{"rendered":"Robo en CEC 801 y Escuela 7 durante el fin de semana"},"content":{"rendered":"<!-- VideographyWP Plugin Message: Automatic video embedding prevented by plugin options. -->\n\n<p>Durante el fin de semana, dos establecimientos educativos en San Pedro fueron v\u00edctimas de robos. En el reci\u00e9n inaugurado Centro Educativo Complementario 801, los intrusos da\u00f1aron la reja hacia un patio interno, intentando ingresar desde una ventana conectada a la calle. Del interior, sustrajeron un microondas, una computadora, una radio, una pava el\u00e9ctrica y los suministros destinados a la alimentaci\u00f3n de los estudiantes que asisten regularmente.<\/p>\n\n\n\n<p>Por otro lado, en la Escuela Primaria 7, se forz\u00f3 una puerta que conduce a un patio. Luego, los delincuentes recorrieron los pasillos y llegaron hasta la oficina del director, donde se llevaron un conjunto de llaves para las puertas internas. En este incidente, la alarma se activ\u00f3, lo que provoc\u00f3 la huida de los intrusos.<\/p>\n\n\n\n<figure class=\"wp-block-image size-large\"><img decoding=\"async\" width=\"1024\" height=\"563\" data-attachment-id=\"123484\" data-permalink=\"https:\/\/eldiariodesanpedro.com.ar\/sitio\/robo-en-cec-801-y-escuela-7-durante-el-fin-de-semana\/escuela-7-robo\/\" data-orig-file=\"https:\/\/eldiariodesanpedro.com.ar\/sitio\/wp-content\/uploads\/2023\/10\/Escuela-7-robo.jpg\" data-orig-size=\"1145,630\" data-comments-opened=\"0\" data-image-meta=\"{&quot;aperture&quot;:&quot;0&quot;,&quot;credit&quot;:&quot;&quot;,&quot;camera&quot;:&quot;&quot;,&quot;caption&quot;:&quot;&quot;,&quot;created_timestamp&quot;:&quot;0&quot;,&quot;copyright&quot;:&quot;&quot;,&quot;focal_length&quot;:&quot;0&quot;,&quot;iso&quot;:&quot;0&quot;,&quot;shutter_speed&quot;:&quot;0&quot;,&quot;title&quot;:&quot;&quot;,&quot;orientation&quot;:&quot;0&quot;}\" data-image-title=\"Escuela 7 robo\" data-image-description=\"\" data-image-caption=\"\" data-large-file=\"https:\/\/eldiariodesanpedro.com.ar\/sitio\/wp-content\/uploads\/2023\/10\/Escuela-7-robo-1024x563.jpg\" data-src=\"https:\/\/eldiariodesanpedro.com.ar\/sitio\/wp-content\/uploads\/2023\/10\/Escuela-7-robo-1024x563.jpg\" alt=\"\" class=\"wp-image-123484 lazyload\" data-srcset=\"https:\/\/eldiariodesanpedro.com.ar\/sitio\/wp-content\/uploads\/2023\/10\/Escuela-7-robo-1024x563.jpg 1024w, https:\/\/eldiariodesanpedro.com.ar\/sitio\/wp-content\/uploads\/2023\/10\/Escuela-7-robo-300x165.jpg 300w, https:\/\/eldiariodesanpedro.com.ar\/sitio\/wp-content\/uploads\/2023\/10\/Escuela-7-robo-768x423.jpg 768w, https:\/\/eldiariodesanpedro.com.ar\/sitio\/wp-content\/uploads\/2023\/10\/Escuela-7-robo.jpg 1145w\" data-sizes=\"(max-width: 1024px) 100vw, 1024px\" src=\"data:image\/svg+xml;base64,PHN2ZyB3aWR0aD0iMSIgaGVpZ2h0PSIxIiB4bWxucz0iaHR0cDovL3d3dy53My5vcmcvMjAwMC9zdmciPjwvc3ZnPg==\" style=\"--smush-placeholder-width: 1024px; --smush-placeholder-aspect-ratio: 1024\/563;\" \/><\/figure>\n","protected":false},"excerpt":{"rendered":"<p>Durante el fin de semana, dos establecimientos educativos en San Pedro fueron v\u00edctimas de robos. En el reci\u00e9n inaugurado Centro Educativo Complementario 801, los intrusos da\u00f1aron la reja hacia un patio interno, intentando ingresar desde una ventana conectada a la calle. Del interior, sustrajeron un microondas, una computadora, una radio, una pava el\u00e9ctrica y los [&hellip;]<\/p>\n","protected":false},"author":4,"featured_media":123483,"comment_status":"closed","ping_status":"closed","sticky":false,"template":"","format":"standard","meta":{"om_disable_all_campaigns":false,"_jetpack_memberships_contains_paid_content":false,"footnotes":""},"categories":[50,2,103],"tags":[197,696,33,19],"class_list":["post-123482","post","type-post","status-publish","format-standard","has-post-thumbnail","hentry","category-destacadas","category-locales","category-policiales-locales","tag-buenos-aires","tag-interes-general","tag-locales","tag-san-pedro"],"aioseo_notices":[],"gutentor_comment":0,"jetpack_featured_media_url":"https:\/\/eldiariodesanpedro.com.ar\/sitio\/wp-content\/uploads\/2023\/10\/CEC-801-robo.jpg","jetpack_shortlink":"https:\/\/wp.me\/p6RhLt-w7E","jetpack_sharing_enabled":true,"_links":{"self":[{"href":"https:\/\/eldiariodesanpedro.com.ar\/sitio\/wp-json\/wp\/v2\/posts\/123482","targetHints":{"allow":["GET"]}}],"collection":[{"href":"https:\/\/eldiariodesanpedro.com.ar\/sitio\/wp-json\/wp\/v2\/posts"}],"about":[{"href":"https:\/\/eldiariodesanpedro.com.ar\/sitio\/wp-json\/wp\/v2\/types\/post"}],"author":[{"embeddable":true,"href":"https:\/\/eldiariodesanpedro.com.ar\/sitio\/wp-json\/wp\/v2\/users\/4"}],"replies":[{"embeddable":true,"href":"https:\/\/eldiariodesanpedro.com.ar\/sitio\/wp-json\/wp\/v2\/comments?post=123482"}],"version-history":[{"count":1,"href":"https:\/\/eldiariodesanpedro.com.ar\/sitio\/wp-json\/wp\/v2\/posts\/123482\/revisions"}],"predecessor-version":[{"id":123485,"href":"https:\/\/eldiariodesanpedro.com.ar\/sitio\/wp-json\/wp\/v2\/posts\/123482\/revisions\/123485"}],"wp:featuredmedia":[{"embeddable":true,"href":"https:\/\/eldiariodesanpedro.com.ar\/sitio\/wp-json\/wp\/v2\/media\/123483"}],"wp:attachment":[{"href":"https:\/\/eldiariodesanpedro.com.ar\/sitio\/wp-json\/wp\/v2\/media?parent=123482"}],"wp:term":[{"taxonomy":"category","embeddable":true,"href":"https:\/\/eldiariodesanpedro.com.ar\/sitio\/wp-json\/wp\/v2\/categories?post=123482"},{"taxonomy":"post_tag","embeddable":true,"href":"https:\/\/eldiariodesanpedro.com.ar\/sitio\/wp-json\/wp\/v2\/tags?post=123482"}],"curies":[{"name":"wp","href":"https:\/\/api.w.org\/{rel}","templated":true}]}}