{"id":123480,"date":"2023-10-31T15:54:42","date_gmt":"2023-10-31T18:54:42","guid":{"rendered":"https:\/\/eldiariodesanpedro.com.ar\/sitio\/?p=123480"},"modified":"2023-10-31T15:54:46","modified_gmt":"2023-10-31T18:54:46","slug":"empleado-municipal-denuncia-traslado-discriminatorio-y-persecutorio-vinculado-a-su-participacion-politica","status":"publish","type":"post","link":"https:\/\/eldiariodesanpedro.com.ar\/sitio\/empleado-municipal-denuncia-traslado-discriminatorio-y-persecutorio-vinculado-a-su-participacion-politica\/","title":{"rendered":"Empleado municipal denuncia traslado \u00abdiscriminatorio\u00bb y \u00abpersecutorio\u00bb vinculado a su participaci\u00f3n pol\u00edtica"},"content":{"rendered":"<!-- VideographyWP Plugin Message: Automatic video embedding prevented by plugin options. -->\n\n<p>El exdelegado de la localidad de Santa Luc\u00eda, Juan Juhant, ha acusado directamente al Secretario de Salud, Pablo Pichioni, de llevar a cabo un traslado que considera \u00abflagrantemente discriminatorio y una represalia\u00bb. Juhant alega que esta decisi\u00f3n le ha causado perjuicios tanto morales como patrimoniales, relacionados con cambios en sus tareas y horarios de trabajo. El exfuncionario vincula esta acci\u00f3n con su participaci\u00f3n pol\u00edtica en el partido \u00abLa Libertad Avanza.\u00bb<\/p>\n\n\n\n<p>Juhant, un empleado de carrera del Municipio, hab\u00eda asumido recientemente el rol de ambulanciero en la localidad. Sin embargo, al regresar de sus vacaciones la semana pasada, le notificaron que ser\u00eda trasladado desde la Secretar\u00eda de Salud al Corral\u00f3n Municipal. \u00abCuando pregunt\u00e9 me dijeron &#8216;vos sab\u00e9s c\u00f3mo es esto'\u00bb, denunci\u00f3 Juhant durante una entrevista en La Radio 92.3. Adem\u00e1s, el exdelegado vincul\u00f3 esta decisi\u00f3n con su reciente participaci\u00f3n como candidato en la lista de \u00abLa Libertad Avanza\u00bb junto a Ram\u00f3n Salazar.<\/p>\n\n\n\n<p>En un intento por revertir esta situaci\u00f3n, Juhant envi\u00f3 una carta documento al Municipio, instando a que, en un plazo de 48 horas, se deje sin efecto la decisi\u00f3n de traslado y se ponga fin a las hostilidades y persecuciones que, seg\u00fan \u00e9l, est\u00e1n relacionadas con motivos pol\u00edticos. De no obtener una respuesta satisfactoria, advirti\u00f3 que recurrir\u00e1 a la justicia para restaurar sus condiciones laborales y buscar compensaci\u00f3n por los da\u00f1os y perjuicios que ha sufrido como resultado de esta acci\u00f3n.<\/p>\n\n\n\n<p>En el documento proporcionado a los medios de comunicaci\u00f3n, Juhant cuestiona la decisi\u00f3n del Municipio por considerarla \u00abimprocedente, temeraria y persecutoria\u00bb. Adem\u00e1s, se\u00f1ala directamente al Secretario de Salud, Pablo Pichioni, como el responsable de la comunicaci\u00f3n que le anunci\u00f3 su traslado. Esta situaci\u00f3n ha generado controversia y preocupaci\u00f3n en la comunidad, ya que resalta la importancia de separar las cuestiones pol\u00edticas de las decisiones laborales en el \u00e1mbito p\u00fablico.<\/p>\n","protected":false},"excerpt":{"rendered":"<p>El exdelegado de la localidad de Santa Luc\u00eda, Juan Juhant, ha acusado directamente al Secretario de Salud, Pablo Pichioni, de llevar a cabo un traslado que considera \u00abflagrantemente discriminatorio y una represalia\u00bb. Juhant alega que esta decisi\u00f3n le ha causado perjuicios tanto morales como patrimoniales, relacionados con cambios en sus tareas y horarios de trabajo. [&hellip;]<\/p>\n","protected":false},"author":4,"featured_media":59335,"comment_status":"closed","ping_status":"closed","sticky":false,"template":"","format":"standard","meta":{"om_disable_all_campaigns":false,"_jetpack_memberships_contains_paid_content":false,"footnotes":""},"categories":[50,101,2],"tags":[197,696,33,19],"class_list":["post-123480","post","type-post","status-publish","format-standard","has-post-thumbnail","hentry","category-destacadas","category-interes-general-locales","category-locales","tag-buenos-aires","tag-interes-general","tag-locales","tag-san-pedro"],"aioseo_notices":[],"gutentor_comment":0,"jetpack_featured_media_url":"https:\/\/eldiariodesanpedro.com.ar\/sitio\/wp-content\/uploads\/2019\/09\/Luciano-Juhant-1.png","jetpack_shortlink":"https:\/\/wp.me\/p6RhLt-w7C","jetpack_sharing_enabled":true,"_links":{"self":[{"href":"https:\/\/eldiariodesanpedro.com.ar\/sitio\/wp-json\/wp\/v2\/posts\/123480","targetHints":{"allow":["GET"]}}],"collection":[{"href":"https:\/\/eldiariodesanpedro.com.ar\/sitio\/wp-json\/wp\/v2\/posts"}],"about":[{"href":"https:\/\/eldiariodesanpedro.com.ar\/sitio\/wp-json\/wp\/v2\/types\/post"}],"author":[{"embeddable":true,"href":"https:\/\/eldiariodesanpedro.com.ar\/sitio\/wp-json\/wp\/v2\/users\/4"}],"replies":[{"embeddable":true,"href":"https:\/\/eldiariodesanpedro.com.ar\/sitio\/wp-json\/wp\/v2\/comments?post=123480"}],"version-history":[{"count":1,"href":"https:\/\/eldiariodesanpedro.com.ar\/sitio\/wp-json\/wp\/v2\/posts\/123480\/revisions"}],"predecessor-version":[{"id":123481,"href":"https:\/\/eldiariodesanpedro.com.ar\/sitio\/wp-json\/wp\/v2\/posts\/123480\/revisions\/123481"}],"wp:featuredmedia":[{"embeddable":true,"href":"https:\/\/eldiariodesanpedro.com.ar\/sitio\/wp-json\/wp\/v2\/media\/59335"}],"wp:attachment":[{"href":"https:\/\/eldiariodesanpedro.com.ar\/sitio\/wp-json\/wp\/v2\/media?parent=123480"}],"wp:term":[{"taxonomy":"category","embeddable":true,"href":"https:\/\/eldiariodesanpedro.com.ar\/sitio\/wp-json\/wp\/v2\/categories?post=123480"},{"taxonomy":"post_tag","embeddable":true,"href":"https:\/\/eldiariodesanpedro.com.ar\/sitio\/wp-json\/wp\/v2\/tags?post=123480"}],"curies":[{"name":"wp","href":"https:\/\/api.w.org\/{rel}","templated":true}]}}