{"id":123478,"date":"2023-10-31T12:42:30","date_gmt":"2023-10-31T15:42:30","guid":{"rendered":"https:\/\/eldiariodesanpedro.com.ar\/sitio\/?p=123478"},"modified":"2023-10-31T12:42:33","modified_gmt":"2023-10-31T15:42:33","slug":"encuentro-virtual-del-plan-estrategico-san-pedro-2050","status":"publish","type":"post","link":"https:\/\/eldiariodesanpedro.com.ar\/sitio\/encuentro-virtual-del-plan-estrategico-san-pedro-2050\/","title":{"rendered":"Encuentro virtual del Plan Estrat\u00e9gico San Pedro 2050"},"content":{"rendered":"<!-- VideographyWP Plugin Message: Automatic video embedding prevented by plugin options. -->\n\n<p>Este mi\u00e9rcoles se concretar\u00e1 un nuevo taller enmarcado en el Plan Estrat\u00e9gico San Pedro 2050 que impulsa el gobierno del Intendente Cecilio Salazar, en este encuentro con el Cambio Clim\u00e1tico como eje tem\u00e1tico.<\/p>\n\n\n\n<p>El taller se desarrollar\u00e1 el mi\u00e9rcoles 1 de noviembre a las 17.00 horas a trav\u00e9s de la plataforma Zoom y es dirigido a l\u00edderes sociales, educadores, emprendedores y a todos los ciudadanos dispuestos a reconsiderar un San Pedro en l\u00ednea con las demandas de la sostenibilidad ambiental.<\/p>\n\n\n\n<p>Para confirmar asistencia deber\u00e1n acceder al siguiente link: <a href=\"https:\/\/bit.ly\/asistenciaCC\">https:\/\/bit.ly\/asistenciaCC<\/a> y el d\u00eda del encuentro acceder a la reuni\u00f3n a trav\u00e9s del siguiente enlace: <a href=\"https:\/\/bit.ly\/SanPedro2050\">https:\/\/bit.ly\/SanPedro2050<\/a>.<\/p>\n","protected":false},"excerpt":{"rendered":"<p>Este mi\u00e9rcoles se concretar\u00e1 un nuevo taller enmarcado en el Plan Estrat\u00e9gico San Pedro 2050 que impulsa el gobierno del Intendente Cecilio Salazar, en este encuentro con el Cambio Clim\u00e1tico como eje tem\u00e1tico. El taller se desarrollar\u00e1 el mi\u00e9rcoles 1 de noviembre a las 17.00 horas a trav\u00e9s de la plataforma Zoom y es dirigido [&hellip;]<\/p>\n","protected":false},"author":4,"featured_media":123360,"comment_status":"closed","ping_status":"closed","sticky":false,"template":"","format":"standard","meta":{"om_disable_all_campaigns":false,"_jetpack_memberships_contains_paid_content":false,"footnotes":""},"categories":[101,2],"tags":[197,696,33,19],"class_list":["post-123478","post","type-post","status-publish","format-standard","has-post-thumbnail","hentry","category-interes-general-locales","category-locales","tag-buenos-aires","tag-interes-general","tag-locales","tag-san-pedro"],"aioseo_notices":[],"gutentor_comment":0,"jetpack_featured_media_url":"https:\/\/eldiariodesanpedro.com.ar\/sitio\/wp-content\/uploads\/2023\/10\/San-Pedro-estrategico.jpg","jetpack_shortlink":"https:\/\/wp.me\/p6RhLt-w7A","jetpack_sharing_enabled":true,"_links":{"self":[{"href":"https:\/\/eldiariodesanpedro.com.ar\/sitio\/wp-json\/wp\/v2\/posts\/123478","targetHints":{"allow":["GET"]}}],"collection":[{"href":"https:\/\/eldiariodesanpedro.com.ar\/sitio\/wp-json\/wp\/v2\/posts"}],"about":[{"href":"https:\/\/eldiariodesanpedro.com.ar\/sitio\/wp-json\/wp\/v2\/types\/post"}],"author":[{"embeddable":true,"href":"https:\/\/eldiariodesanpedro.com.ar\/sitio\/wp-json\/wp\/v2\/users\/4"}],"replies":[{"embeddable":true,"href":"https:\/\/eldiariodesanpedro.com.ar\/sitio\/wp-json\/wp\/v2\/comments?post=123478"}],"version-history":[{"count":1,"href":"https:\/\/eldiariodesanpedro.com.ar\/sitio\/wp-json\/wp\/v2\/posts\/123478\/revisions"}],"predecessor-version":[{"id":123479,"href":"https:\/\/eldiariodesanpedro.com.ar\/sitio\/wp-json\/wp\/v2\/posts\/123478\/revisions\/123479"}],"wp:featuredmedia":[{"embeddable":true,"href":"https:\/\/eldiariodesanpedro.com.ar\/sitio\/wp-json\/wp\/v2\/media\/123360"}],"wp:attachment":[{"href":"https:\/\/eldiariodesanpedro.com.ar\/sitio\/wp-json\/wp\/v2\/media?parent=123478"}],"wp:term":[{"taxonomy":"category","embeddable":true,"href":"https:\/\/eldiariodesanpedro.com.ar\/sitio\/wp-json\/wp\/v2\/categories?post=123478"},{"taxonomy":"post_tag","embeddable":true,"href":"https:\/\/eldiariodesanpedro.com.ar\/sitio\/wp-json\/wp\/v2\/tags?post=123478"}],"curies":[{"name":"wp","href":"https:\/\/api.w.org\/{rel}","templated":true}]}}