{"id":123476,"date":"2023-10-31T12:37:39","date_gmt":"2023-10-31T15:37:39","guid":{"rendered":"https:\/\/eldiariodesanpedro.com.ar\/sitio\/?p=123476"},"modified":"2023-10-31T12:37:42","modified_gmt":"2023-10-31T15:37:42","slug":"la-instalacion-de-la-estacion-san-pedro-industrial-sigue-avanzando-hacia-su-licitacion","status":"publish","type":"post","link":"https:\/\/eldiariodesanpedro.com.ar\/sitio\/la-instalacion-de-la-estacion-san-pedro-industrial-sigue-avanzando-hacia-su-licitacion\/","title":{"rendered":"La instalaci\u00f3n de la Estaci\u00f3n San Pedro Industrial sigue avanzando hacia su licitaci\u00f3n"},"content":{"rendered":"<!-- VideographyWP Plugin Message: Automatic video embedding prevented by plugin options. -->\n\n<p>Este lunes el Intendente Cecilio Salazar, el presidente de COOSPER Iv\u00e1n Groppo y representantes directivos y t\u00e9cnicos de la Cooperativa, mantuvieron una nueva reuni\u00f3n en la Subsecretar\u00eda de Energ\u00eda de la Provincia, monitoreando el seguimiento del inminente llamado a licitaci\u00f3n para la instalaci\u00f3n de la \u201cEstaci\u00f3n Transformadora San Pedro Industrial\u201d, que ampliar\u00e1 la capacidad el\u00e9ctrica del Partido.<\/p>\n\n\n\n<p>Los miembros del Consejo de Administraci\u00f3n, Ricardo Montesino y Oscar Silva y el Ingeniero Roberto Savoy, participaron del encuentro en el que fueron recibidos por el Licenciado Gast\u00f3n Ghioni, Subsecretario de Energ\u00eda de la Provincia de Buenos Aires y el Director Provincial de Energ\u00eda, Ingeniero Marcelo Garrido, quienes han venido respaldando de manera contundente el seguimiento para este proyecto, fundamental para San Pedro y su futuro.<\/p>\n\n\n\n<p>Tal como fue informado en conferencia de prensa en agosto pasado, desde COOPSER se han venido aportando todos los elementos t\u00e9cnicos, que junto a los informes realizados desde la Subsecretar\u00eda, completan cada una de las condiciones necesarias para la obra.<\/p>\n\n\n\n<p>La reuni\u00f3n de hoy tuvo que ver especialmente con el an\u00e1lisis correspondiente para la traza de las l\u00edneas a\u00e9reas de alta tensi\u00f3n que conectar\u00e1n la Estaci\u00f3n Transformadora San Pedro Industrial con el Sistema Argentino de Interconexi\u00f3n (SADI).<\/p>\n\n\n\n<p>M\u00e1s all\u00e1 de que la obra ya se encuentra incluida dentro del Presupuesto del Gobierno Provincial y que COOPSER dispone del transformador y el terreno necesarios para concretar el proyecto, la continuidad de la gesti\u00f3n del Gobernador Axel Kicillof le brinda mayor previsibilidad a este tema estrat\u00e9gico para que m\u00faltiples iniciativas relacionadas con el desarrollo y el futuro puedan llevarse a cabo en el corto y mediano plazo.<\/p>\n\n\n\n<p>De acuerdo a lo informado en la reuni\u00f3n, en las pr\u00f3ximas semanas se realizar\u00e1 el llamado a licitaci\u00f3n y en el transcurso del 2024 la obra estar\u00eda en marcha.<\/p>\n","protected":false},"excerpt":{"rendered":"<p>Este lunes el Intendente Cecilio Salazar, el presidente de COOSPER Iv\u00e1n Groppo y representantes directivos y t\u00e9cnicos de la Cooperativa, mantuvieron una nueva reuni\u00f3n en la Subsecretar\u00eda de Energ\u00eda de la Provincia, monitoreando el seguimiento del inminente llamado a licitaci\u00f3n para la instalaci\u00f3n de la \u201cEstaci\u00f3n Transformadora San Pedro Industrial\u201d, que ampliar\u00e1 la capacidad el\u00e9ctrica [&hellip;]<\/p>\n","protected":false},"author":4,"featured_media":121807,"comment_status":"closed","ping_status":"closed","sticky":false,"template":"","format":"standard","meta":{"om_disable_all_campaigns":false,"_jetpack_memberships_contains_paid_content":false,"footnotes":""},"categories":[101,2],"tags":[197,696,33,19],"class_list":["post-123476","post","type-post","status-publish","format-standard","has-post-thumbnail","hentry","category-interes-general-locales","category-locales","tag-buenos-aires","tag-interes-general","tag-locales","tag-san-pedro"],"aioseo_notices":[],"gutentor_comment":0,"jetpack_featured_media_url":"https:\/\/eldiariodesanpedro.com.ar\/sitio\/wp-content\/uploads\/2023\/08\/IMG_20230830_111254353_HDR.jpg","jetpack_shortlink":"https:\/\/wp.me\/p6RhLt-w7y","jetpack_sharing_enabled":true,"_links":{"self":[{"href":"https:\/\/eldiariodesanpedro.com.ar\/sitio\/wp-json\/wp\/v2\/posts\/123476","targetHints":{"allow":["GET"]}}],"collection":[{"href":"https:\/\/eldiariodesanpedro.com.ar\/sitio\/wp-json\/wp\/v2\/posts"}],"about":[{"href":"https:\/\/eldiariodesanpedro.com.ar\/sitio\/wp-json\/wp\/v2\/types\/post"}],"author":[{"embeddable":true,"href":"https:\/\/eldiariodesanpedro.com.ar\/sitio\/wp-json\/wp\/v2\/users\/4"}],"replies":[{"embeddable":true,"href":"https:\/\/eldiariodesanpedro.com.ar\/sitio\/wp-json\/wp\/v2\/comments?post=123476"}],"version-history":[{"count":1,"href":"https:\/\/eldiariodesanpedro.com.ar\/sitio\/wp-json\/wp\/v2\/posts\/123476\/revisions"}],"predecessor-version":[{"id":123477,"href":"https:\/\/eldiariodesanpedro.com.ar\/sitio\/wp-json\/wp\/v2\/posts\/123476\/revisions\/123477"}],"wp:featuredmedia":[{"embeddable":true,"href":"https:\/\/eldiariodesanpedro.com.ar\/sitio\/wp-json\/wp\/v2\/media\/121807"}],"wp:attachment":[{"href":"https:\/\/eldiariodesanpedro.com.ar\/sitio\/wp-json\/wp\/v2\/media?parent=123476"}],"wp:term":[{"taxonomy":"category","embeddable":true,"href":"https:\/\/eldiariodesanpedro.com.ar\/sitio\/wp-json\/wp\/v2\/categories?post=123476"},{"taxonomy":"post_tag","embeddable":true,"href":"https:\/\/eldiariodesanpedro.com.ar\/sitio\/wp-json\/wp\/v2\/tags?post=123476"}],"curies":[{"name":"wp","href":"https:\/\/api.w.org\/{rel}","templated":true}]}}