{"id":123470,"date":"2023-10-31T11:59:22","date_gmt":"2023-10-31T14:59:22","guid":{"rendered":"https:\/\/eldiariodesanpedro.com.ar\/sitio\/?p=123470"},"modified":"2023-10-31T11:59:25","modified_gmt":"2023-10-31T14:59:25","slug":"descubren-restos-de-dos-aves-de-hace-unos-1-000-anos","status":"publish","type":"post","link":"https:\/\/eldiariodesanpedro.com.ar\/sitio\/descubren-restos-de-dos-aves-de-hace-unos-1-000-anos\/","title":{"rendered":"Descubren restos de dos aves de hace unos 1.000 a\u00f1os"},"content":{"rendered":"<!-- VideographyWP Plugin Message: Automatic video embedding prevented by plugin options. -->\n\n<p><strong>Fueron localizados por el Museo Paleontol\u00f3gico de San Pedro a unos 10 kil\u00f3metros de la ciudad; eran aves asociadas a sectores de humedales o cercanos a cuerpos de agua<\/strong><\/p>\n\n\n\n<p>Dos peque\u00f1os huesillos correspondientes a dos g\u00e9neros de aves que habitaron la zona hace unos 1.000 a\u00f1os atr\u00e1s, fueron hallados por el equipo del Museo Paleontol\u00f3gico de San Pedro. Se trata de un h\u00famero derecho de una\u00a0<strong>gallareta<\/strong>\u00a0(g\u00e9nero\u00a0<strong><em>Fulica<\/em><\/strong>) y el extremo distal de un tarsometatarso de una\u00a0<strong>cuervillo de ca\u00f1ada<\/strong>\u00a0(g\u00e9nero\u00a0<strong><em>Plegadis<\/em><\/strong>) que se extrajeron de una capa sedimentaria de color negro, cuya antig\u00fcedad para la zona norte de la provincia de Buenos Aires est\u00e1 estimada entre los 900 y 1200 a\u00f1os, aproximadamente. El hallazgo se produjo en\u00a0<strong>Campo Sp\u00f3sito<\/strong>, un \u00e1rea fosil\u00edfera ubicada a unos 10 km de la ciudad bonaerense. Una de las aves es un registro \u00fanico para el Holoceno.<\/p>\n\n\n\n<figure class=\"wp-block-image size-full\"><img decoding=\"async\" width=\"1017\" height=\"630\" data-attachment-id=\"123471\" data-permalink=\"https:\/\/eldiariodesanpedro.com.ar\/sitio\/descubren-restos-de-dos-aves-de-hace-unos-1-000-anos\/img_20231009_105829777-1\/\" data-orig-file=\"https:\/\/eldiariodesanpedro.com.ar\/sitio\/wp-content\/uploads\/2023\/10\/IMG_20231009_105829777-1.jpg\" data-orig-size=\"1017,630\" data-comments-opened=\"0\" data-image-meta=\"{&quot;aperture&quot;:&quot;0&quot;,&quot;credit&quot;:&quot;&quot;,&quot;camera&quot;:&quot;&quot;,&quot;caption&quot;:&quot;&quot;,&quot;created_timestamp&quot;:&quot;0&quot;,&quot;copyright&quot;:&quot;&quot;,&quot;focal_length&quot;:&quot;0&quot;,&quot;iso&quot;:&quot;0&quot;,&quot;shutter_speed&quot;:&quot;0&quot;,&quot;title&quot;:&quot;&quot;,&quot;orientation&quot;:&quot;0&quot;}\" data-image-title=\"IMG_20231009_105829777- 1\" data-image-description=\"\" data-image-caption=\"\" data-large-file=\"https:\/\/eldiariodesanpedro.com.ar\/sitio\/wp-content\/uploads\/2023\/10\/IMG_20231009_105829777-1.jpg\" data-src=\"https:\/\/eldiariodesanpedro.com.ar\/sitio\/wp-content\/uploads\/2023\/10\/IMG_20231009_105829777-1.jpg\" alt=\"\" class=\"wp-image-123471 lazyload\" data-srcset=\"https:\/\/eldiariodesanpedro.com.ar\/sitio\/wp-content\/uploads\/2023\/10\/IMG_20231009_105829777-1.jpg 1017w, https:\/\/eldiariodesanpedro.com.ar\/sitio\/wp-content\/uploads\/2023\/10\/IMG_20231009_105829777-1-300x186.jpg 300w, https:\/\/eldiariodesanpedro.com.ar\/sitio\/wp-content\/uploads\/2023\/10\/IMG_20231009_105829777-1-768x476.jpg 768w\" data-sizes=\"(max-width: 1017px) 100vw, 1017px\" src=\"data:image\/svg+xml;base64,PHN2ZyB3aWR0aD0iMSIgaGVpZ2h0PSIxIiB4bWxucz0iaHR0cDovL3d3dy53My5vcmcvMjAwMC9zdmciPjwvc3ZnPg==\" style=\"--smush-placeholder-width: 1017px; --smush-placeholder-aspect-ratio: 1017\/630;\" \/><\/figure>\n\n\n\n<figure class=\"wp-block-image size-full\"><img decoding=\"async\" width=\"896\" height=\"630\" data-attachment-id=\"123472\" data-permalink=\"https:\/\/eldiariodesanpedro.com.ar\/sitio\/descubren-restos-de-dos-aves-de-hace-unos-1-000-anos\/img_20231017_190927509_2\/\" data-orig-file=\"https:\/\/eldiariodesanpedro.com.ar\/sitio\/wp-content\/uploads\/2023\/10\/IMG_20231017_190927509_2.jpg\" data-orig-size=\"896,630\" data-comments-opened=\"0\" data-image-meta=\"{&quot;aperture&quot;:&quot;1.7&quot;,&quot;credit&quot;:&quot;&quot;,&quot;camera&quot;:&quot;moto g(8)&quot;,&quot;caption&quot;:&quot;&quot;,&quot;created_timestamp&quot;:&quot;1697569768&quot;,&quot;copyright&quot;:&quot;&quot;,&quot;focal_length&quot;:&quot;4.05&quot;,&quot;iso&quot;:&quot;770&quot;,&quot;shutter_speed&quot;:&quot;0.04&quot;,&quot;title&quot;:&quot;&quot;,&quot;orientation&quot;:&quot;1&quot;}\" data-image-title=\"IMG_20231017_190927509_2\" data-image-description=\"\" data-image-caption=\"\" data-large-file=\"https:\/\/eldiariodesanpedro.com.ar\/sitio\/wp-content\/uploads\/2023\/10\/IMG_20231017_190927509_2.jpg\" data-src=\"https:\/\/eldiariodesanpedro.com.ar\/sitio\/wp-content\/uploads\/2023\/10\/IMG_20231017_190927509_2.jpg\" alt=\"\" class=\"wp-image-123472 lazyload\" data-srcset=\"https:\/\/eldiariodesanpedro.com.ar\/sitio\/wp-content\/uploads\/2023\/10\/IMG_20231017_190927509_2.jpg 896w, https:\/\/eldiariodesanpedro.com.ar\/sitio\/wp-content\/uploads\/2023\/10\/IMG_20231017_190927509_2-300x211.jpg 300w, https:\/\/eldiariodesanpedro.com.ar\/sitio\/wp-content\/uploads\/2023\/10\/IMG_20231017_190927509_2-768x540.jpg 768w\" data-sizes=\"(max-width: 896px) 100vw, 896px\" src=\"data:image\/svg+xml;base64,PHN2ZyB3aWR0aD0iMSIgaGVpZ2h0PSIxIiB4bWxucz0iaHR0cDovL3d3dy53My5vcmcvMjAwMC9zdmciPjwvc3ZnPg==\" style=\"--smush-placeholder-width: 896px; --smush-placeholder-aspect-ratio: 896\/630;\" \/><\/figure>\n\n\n\n<figure class=\"wp-block-image size-full\"><img decoding=\"async\" width=\"754\" height=\"630\" data-attachment-id=\"123473\" data-permalink=\"https:\/\/eldiariodesanpedro.com.ar\/sitio\/descubren-restos-de-dos-aves-de-hace-unos-1-000-anos\/img_20231017_191059331\/\" data-orig-file=\"https:\/\/eldiariodesanpedro.com.ar\/sitio\/wp-content\/uploads\/2023\/10\/IMG_20231017_191059331.jpg\" data-orig-size=\"754,630\" data-comments-opened=\"0\" data-image-meta=\"{&quot;aperture&quot;:&quot;2.2&quot;,&quot;credit&quot;:&quot;&quot;,&quot;camera&quot;:&quot;moto g(8)&quot;,&quot;caption&quot;:&quot;&quot;,&quot;created_timestamp&quot;:&quot;1697569859&quot;,&quot;copyright&quot;:&quot;&quot;,&quot;focal_length&quot;:&quot;1.85&quot;,&quot;iso&quot;:&quot;104&quot;,&quot;shutter_speed&quot;:&quot;0.00035919540229885&quot;,&quot;title&quot;:&quot;&quot;,&quot;orientation&quot;:&quot;1&quot;}\" data-image-title=\"IMG_20231017_191059331\" data-image-description=\"\" data-image-caption=\"\" data-large-file=\"https:\/\/eldiariodesanpedro.com.ar\/sitio\/wp-content\/uploads\/2023\/10\/IMG_20231017_191059331.jpg\" data-src=\"https:\/\/eldiariodesanpedro.com.ar\/sitio\/wp-content\/uploads\/2023\/10\/IMG_20231017_191059331.jpg\" alt=\"\" class=\"wp-image-123473 lazyload\" data-srcset=\"https:\/\/eldiariodesanpedro.com.ar\/sitio\/wp-content\/uploads\/2023\/10\/IMG_20231017_191059331.jpg 754w, https:\/\/eldiariodesanpedro.com.ar\/sitio\/wp-content\/uploads\/2023\/10\/IMG_20231017_191059331-300x251.jpg 300w\" data-sizes=\"(max-width: 754px) 100vw, 754px\" src=\"data:image\/svg+xml;base64,PHN2ZyB3aWR0aD0iMSIgaGVpZ2h0PSIxIiB4bWxucz0iaHR0cDovL3d3dy53My5vcmcvMjAwMC9zdmciPjwvc3ZnPg==\" style=\"--smush-placeholder-width: 754px; --smush-placeholder-aspect-ratio: 754\/630;\" \/><\/figure>\n","protected":false},"excerpt":{"rendered":"<p>Fueron localizados por el Museo Paleontol\u00f3gico de San Pedro a unos 10 kil\u00f3metros de la ciudad; eran aves asociadas a sectores de humedales o cercanos a cuerpos de agua Dos peque\u00f1os huesillos correspondientes a dos g\u00e9neros de aves que habitaron la zona hace unos 1.000 a\u00f1os atr\u00e1s, fueron hallados por el equipo del Museo Paleontol\u00f3gico [&hellip;]<\/p>\n","protected":false},"author":4,"featured_media":123474,"comment_status":"closed","ping_status":"closed","sticky":false,"template":"","format":"standard","meta":{"om_disable_all_campaigns":false,"_jetpack_memberships_contains_paid_content":false,"footnotes":""},"categories":[50,101,2],"tags":[197,696,33,19],"class_list":["post-123470","post","type-post","status-publish","format-standard","has-post-thumbnail","hentry","category-destacadas","category-interes-general-locales","category-locales","tag-buenos-aires","tag-interes-general","tag-locales","tag-san-pedro"],"aioseo_notices":[],"gutentor_comment":0,"jetpack_featured_media_url":"https:\/\/eldiariodesanpedro.com.ar\/sitio\/wp-content\/uploads\/2023\/10\/LUGAR.jpg","jetpack_shortlink":"https:\/\/wp.me\/p6RhLt-w7s","jetpack_sharing_enabled":true,"_links":{"self":[{"href":"https:\/\/eldiariodesanpedro.com.ar\/sitio\/wp-json\/wp\/v2\/posts\/123470","targetHints":{"allow":["GET"]}}],"collection":[{"href":"https:\/\/eldiariodesanpedro.com.ar\/sitio\/wp-json\/wp\/v2\/posts"}],"about":[{"href":"https:\/\/eldiariodesanpedro.com.ar\/sitio\/wp-json\/wp\/v2\/types\/post"}],"author":[{"embeddable":true,"href":"https:\/\/eldiariodesanpedro.com.ar\/sitio\/wp-json\/wp\/v2\/users\/4"}],"replies":[{"embeddable":true,"href":"https:\/\/eldiariodesanpedro.com.ar\/sitio\/wp-json\/wp\/v2\/comments?post=123470"}],"version-history":[{"count":1,"href":"https:\/\/eldiariodesanpedro.com.ar\/sitio\/wp-json\/wp\/v2\/posts\/123470\/revisions"}],"predecessor-version":[{"id":123475,"href":"https:\/\/eldiariodesanpedro.com.ar\/sitio\/wp-json\/wp\/v2\/posts\/123470\/revisions\/123475"}],"wp:featuredmedia":[{"embeddable":true,"href":"https:\/\/eldiariodesanpedro.com.ar\/sitio\/wp-json\/wp\/v2\/media\/123474"}],"wp:attachment":[{"href":"https:\/\/eldiariodesanpedro.com.ar\/sitio\/wp-json\/wp\/v2\/media?parent=123470"}],"wp:term":[{"taxonomy":"category","embeddable":true,"href":"https:\/\/eldiariodesanpedro.com.ar\/sitio\/wp-json\/wp\/v2\/categories?post=123470"},{"taxonomy":"post_tag","embeddable":true,"href":"https:\/\/eldiariodesanpedro.com.ar\/sitio\/wp-json\/wp\/v2\/tags?post=123470"}],"curies":[{"name":"wp","href":"https:\/\/api.w.org\/{rel}","templated":true}]}}