{"id":12347,"date":"2017-01-06T18:49:33","date_gmt":"2017-01-06T21:49:33","guid":{"rendered":"https:\/\/eldiariodesanpedro.com.ar\/sitio\/?p=12347"},"modified":"2017-01-06T18:49:33","modified_gmt":"2017-01-06T21:49:33","slug":"la-proteina-nsr100-posible-principal-causa-del-autismo","status":"publish","type":"post","link":"https:\/\/eldiariodesanpedro.com.ar\/sitio\/la-proteina-nsr100-posible-principal-causa-del-autismo\/","title":{"rendered":"La prote\u00edna nSR100: posible principal causa del autismo"},"content":{"rendered":"<p><!-- VideographyWP Plugin Message: Automatic video embedding prevented by plugin options. --><br \/>\n(Infobae) &#8211; Hasta un tercio de los casos de la patolog\u00eda podr\u00edan estar provocados por el d\u00e9ficit de una \u00fanica prote\u00edna, cuyo incremento en los niveles cerebrales podr\u00eda ser suficiente para mejorar los comportamientos an\u00f3malos t\u00edpicos. Las posibilidades del hallazgo pensando a futuro.<\/p>\n<p>   El autismo es un trastorno psicol\u00f3gico que comienza en la ni\u00f1ez y dura toda la vida. Se caracteriza por la intensa concentraci\u00f3n de una persona en su propio mundo interior y la progresiva p\u00e9rdida de contacto con la realidad exterior. A pesar de los numerosos estudios, todav\u00eda no se conoce con exactitud las causas, aunque las investigaciones sugirieron que tanto los genes como los factores ambientales juegan un rol importante.<\/p>\n<p>   Seg\u00fan un an\u00e1lisis de la Universidad de Toronto (Canad\u00e1) hasta un tercio de los casos de la patolog\u00eda podr\u00edan estar provocados por el d\u00e9ficit de una \u00fanica prote\u00edna, llamada nSR100, cuyo incremento en los niveles cerebrales podr\u00eda ser suficiente para mejorar los comportamientos an\u00f3malos t\u00edpicos. La elevaci\u00f3n de la concentraci\u00f3n de esta prote\u00edna en el cerebro podr\u00eda ayudar a corregir algunos de los signos y s\u00edntomas caracter\u00edsticos de esta condici\u00f3n neurol\u00f3gica.<\/p>\n<p>   Con la base de que los cerebros de las personas con autismo presentan niveles deficientes de nSR100, los cient\u00edficos experimentaron un modelo animal al que manipularon gen\u00e9ticamente para eliminar el gen que codifica la prote\u00edna con el fin de determinar si es una simple consecuencia del autismo o, por el contrario, puede ser de hecho la causa del desarrollo de este trastorno.<\/p>\n<p>   Realizadas las pruebas en roedores, la disminuci\u00f3n de un 50 por ciento de los niveles normales de nSR100 fue suficiente para que aparecieran algunos de los signos y s\u00edntomas caracter\u00edsticos del autismo, como evitar las interacciones sociales o incrementar de manera significativa de la sensibilidad al ruido. De acuerdo a los resultados, publicados en la revista Molecular Cell, los especialistas concluyeron que los niveles reducidos de esta prote\u00edna pueden en realidad ser la causa del trastorno.<\/p>\n<p>   Los cient\u00edficos observaron que los niveles de nSR100 se asocian directamente a la actividad neuronal. \u00abSi tienes un incremento de la actividad neuronal, lo cual sucede en la muchos de los tipos de autismo, entonces se produce una interrupci\u00f3n del programa del splicing alternativo (un proceso cerebral que posibilita la producci\u00f3n de m\u00faltiples prote\u00ednas con diferentes funciones a partir de un mismo gen) y se producen los comportamientos t\u00edpicos del trastorno\u00bb, coment\u00f3 Mathieu Quesnel-Vallieres, uno de los autores de la investigaci\u00f3n.<\/p>\n<p>   \u00abNuestro modelo puede ser utilizado como campo de pruebas para evaluar mol\u00e9culas con potencial para revertir la deficiencia de nSR100 en el autismo. En lugar de centrarnos en las mutaciones individuales ligadas al autismo, la identificaci\u00f3n de los centros reguladores como nSR100 resulta mucho m\u00e1s eficaz. En un futuro, con el incremento -aunque sea m\u00ednimo- de esta prote\u00edna podr\u00edamos ser capaces de mejorar algunos de los d\u00e9ficits del comportamiento asociados al trastorno\u00bb, dijo Benjamin Blencowe, l\u00edder del proyecto.<\/p>\n","protected":false},"excerpt":{"rendered":"<p>(Infobae) &#8211; Hasta un tercio de los casos de la patolog\u00eda podr\u00edan estar provocados por el d\u00e9ficit de una \u00fanica prote\u00edna, cuyo incremento en los niveles cerebrales podr\u00eda ser suficiente para mejorar los comportamientos an\u00f3malos t\u00edpicos. Las posibilidades del hallazgo pensando a futuro. El autismo es un trastorno psicol\u00f3gico que comienza en la ni\u00f1ez y [&hellip;]<\/p>\n","protected":false},"author":4,"featured_media":12348,"comment_status":"open","ping_status":"closed","sticky":false,"template":"","format":"standard","meta":{"om_disable_all_campaigns":false,"_jetpack_memberships_contains_paid_content":false,"footnotes":""},"categories":[2],"tags":[],"class_list":["post-12347","post","type-post","status-publish","format-standard","has-post-thumbnail","hentry","category-locales"],"aioseo_notices":[],"gutentor_comment":0,"jetpack_featured_media_url":"https:\/\/eldiariodesanpedro.com.ar\/sitio\/wp-content\/uploads\/2017\/01\/Autismo.jpg","jetpack_shortlink":"https:\/\/wp.me\/p6RhLt-3d9","jetpack_sharing_enabled":true,"_links":{"self":[{"href":"https:\/\/eldiariodesanpedro.com.ar\/sitio\/wp-json\/wp\/v2\/posts\/12347","targetHints":{"allow":["GET"]}}],"collection":[{"href":"https:\/\/eldiariodesanpedro.com.ar\/sitio\/wp-json\/wp\/v2\/posts"}],"about":[{"href":"https:\/\/eldiariodesanpedro.com.ar\/sitio\/wp-json\/wp\/v2\/types\/post"}],"author":[{"embeddable":true,"href":"https:\/\/eldiariodesanpedro.com.ar\/sitio\/wp-json\/wp\/v2\/users\/4"}],"replies":[{"embeddable":true,"href":"https:\/\/eldiariodesanpedro.com.ar\/sitio\/wp-json\/wp\/v2\/comments?post=12347"}],"version-history":[{"count":1,"href":"https:\/\/eldiariodesanpedro.com.ar\/sitio\/wp-json\/wp\/v2\/posts\/12347\/revisions"}],"predecessor-version":[{"id":12349,"href":"https:\/\/eldiariodesanpedro.com.ar\/sitio\/wp-json\/wp\/v2\/posts\/12347\/revisions\/12349"}],"wp:featuredmedia":[{"embeddable":true,"href":"https:\/\/eldiariodesanpedro.com.ar\/sitio\/wp-json\/wp\/v2\/media\/12348"}],"wp:attachment":[{"href":"https:\/\/eldiariodesanpedro.com.ar\/sitio\/wp-json\/wp\/v2\/media?parent=12347"}],"wp:term":[{"taxonomy":"category","embeddable":true,"href":"https:\/\/eldiariodesanpedro.com.ar\/sitio\/wp-json\/wp\/v2\/categories?post=12347"},{"taxonomy":"post_tag","embeddable":true,"href":"https:\/\/eldiariodesanpedro.com.ar\/sitio\/wp-json\/wp\/v2\/tags?post=12347"}],"curies":[{"name":"wp","href":"https:\/\/api.w.org\/{rel}","templated":true}]}}