{"id":123459,"date":"2023-10-30T14:38:30","date_gmt":"2023-10-30T17:38:30","guid":{"rendered":"https:\/\/eldiariodesanpedro.com.ar\/sitio\/?p=123459"},"modified":"2023-10-30T14:38:32","modified_gmt":"2023-10-30T17:38:32","slug":"en-hora-pico-y-en-pleno-centro-una-persona-le-disparo-a-otra","status":"publish","type":"post","link":"https:\/\/eldiariodesanpedro.com.ar\/sitio\/en-hora-pico-y-en-pleno-centro-una-persona-le-disparo-a-otra\/","title":{"rendered":"En hora pico y en pleno centro una persona le disparo a otra"},"content":{"rendered":"<!-- VideographyWP Plugin Message: Automatic video embedding prevented by plugin options. -->\n\n<p>Un hecho de violencia dej\u00f3 el centro conmocionada este lunes en plena hora pico. Minutos antes del mediod\u00eda, en la zona c\u00e9ntrica de la ciudad, se produjo un incidente en el que dos individuos atacaron a otro ciudadano, dispar\u00e1ndole con un arma de fuego. A pesar de la confusi\u00f3n inicial que rode\u00f3 el evento, se est\u00e1n realizando investigaciones para esclarecer los motivos detr\u00e1s de este suceso.<\/p>\n\n\n\n<p>Seg\u00fan los testigos, el incidente tuvo lugar en la estaci\u00f3n de servicio, cuando una persona que tomaba un caf\u00e9 en el shop repentinamente sali\u00f3 y efectu\u00f3 un disparo hacia otro individuo. La v\u00edctima se encontraba en su autom\u00f3vil en ese momento, y el agresor, con el culatazo de un arma de fuego, rompi\u00f3 la ventana del veh\u00edculo antes de efectuar el disparo. Hasta ahora, no se ha confirmado si la bala impact\u00f3 en la v\u00edctima, ya que esta huy\u00f3 del lugar sin buscar atenci\u00f3n m\u00e9dica inmediata.<\/p>\n\n\n\n<p>Tras el disparo, el agresor y su c\u00f3mplice se dieron a la fuga en una camioneta Peugeot Partner de color azul. Sin embargo, una intensa persecuci\u00f3n policial culmin\u00f3 con la interceptaci\u00f3n del veh\u00edculo en la intersecci\u00f3n de Sarmiento e Irlanda, cerca de otra estaci\u00f3n de servicios. En el lugar, las autoridades identificaron a los aprehendidos, quienes responden a los apellidos Olmos y P\u00e9rez. Ambos son mayores de edad. En el registro del veh\u00edculo, se encontr\u00f3 una pistola calibre 9 mm con un cargador que conten\u00eda seis balas, as\u00ed como una peque\u00f1a cantidad de coca\u00edna.<\/p>\n\n\n\n<p>La v\u00edctima del ataque, seg\u00fan testigos, emprendi\u00f3 una veloz carrera en direcci\u00f3n al r\u00edo por la calle Pellegrini. Las autoridades est\u00e1n revisando las grabaciones de las c\u00e1maras de seguridad en un esfuerzo por identificar a la v\u00edctima y determinar su estado de salud, as\u00ed como su disposici\u00f3n a presentar una denuncia. Adem\u00e1s, se est\u00e1 trabajando arduamente para esclarecer los detalles del incidente, dado que a\u00fan persiste la confusi\u00f3n en torno a c\u00f3mo se desarrollaron los acontecimientos y si el ataque fue resultado de un ajuste de cuentas.<\/p>\n\n\n\n<p>El veh\u00edculo de la v\u00edctima, un Renault 18, fue remolcado por una camioneta que, en el momento del disparo, se retir\u00f3 del lugar y no ha sido vista desde entonces. En el lugar de los hechos, la polic\u00eda encontr\u00f3 el plomo del proyectil disparado, lo que podr\u00eda ser fundamental en la investigaci\u00f3n en curso.<\/p>\n\n\n\n<figure class=\"wp-block-image size-large is-resized\"><img decoding=\"async\" width=\"1024\" height=\"576\" data-attachment-id=\"123463\" data-permalink=\"https:\/\/eldiariodesanpedro.com.ar\/sitio\/en-hora-pico-y-en-pleno-centro-una-persona-le-disparo-a-otra\/imagen-de-whatsapp-2023-10-30-a-las-14-23-18_44579f79\/\" data-orig-file=\"https:\/\/eldiariodesanpedro.com.ar\/sitio\/wp-content\/uploads\/2023\/10\/Imagen-de-WhatsApp-2023-10-30-a-las-14.23.18_44579f79.jpg\" data-orig-size=\"1120,630\" data-comments-opened=\"0\" data-image-meta=\"{&quot;aperture&quot;:&quot;0&quot;,&quot;credit&quot;:&quot;&quot;,&quot;camera&quot;:&quot;&quot;,&quot;caption&quot;:&quot;&quot;,&quot;created_timestamp&quot;:&quot;0&quot;,&quot;copyright&quot;:&quot;&quot;,&quot;focal_length&quot;:&quot;0&quot;,&quot;iso&quot;:&quot;0&quot;,&quot;shutter_speed&quot;:&quot;0&quot;,&quot;title&quot;:&quot;&quot;,&quot;orientation&quot;:&quot;0&quot;}\" data-image-title=\"Imagen de WhatsApp 2023-10-30 a las 14.23.18_44579f79\" data-image-description=\"\" data-image-caption=\"\" data-large-file=\"https:\/\/eldiariodesanpedro.com.ar\/sitio\/wp-content\/uploads\/2023\/10\/Imagen-de-WhatsApp-2023-10-30-a-las-14.23.18_44579f79-1024x576.jpg\" data-src=\"https:\/\/eldiariodesanpedro.com.ar\/sitio\/wp-content\/uploads\/2023\/10\/Imagen-de-WhatsApp-2023-10-30-a-las-14.23.18_44579f79-1024x576.jpg\" alt=\"\" class=\"wp-image-123463 lazyload\" style=\"--smush-placeholder-width: 1024px; --smush-placeholder-aspect-ratio: 1024\/576;aspect-ratio:1.7777777777777777;width:840px;height:auto\" data-srcset=\"https:\/\/eldiariodesanpedro.com.ar\/sitio\/wp-content\/uploads\/2023\/10\/Imagen-de-WhatsApp-2023-10-30-a-las-14.23.18_44579f79-1024x576.jpg 1024w, https:\/\/eldiariodesanpedro.com.ar\/sitio\/wp-content\/uploads\/2023\/10\/Imagen-de-WhatsApp-2023-10-30-a-las-14.23.18_44579f79-300x169.jpg 300w, https:\/\/eldiariodesanpedro.com.ar\/sitio\/wp-content\/uploads\/2023\/10\/Imagen-de-WhatsApp-2023-10-30-a-las-14.23.18_44579f79-768x432.jpg 768w, https:\/\/eldiariodesanpedro.com.ar\/sitio\/wp-content\/uploads\/2023\/10\/Imagen-de-WhatsApp-2023-10-30-a-las-14.23.18_44579f79.jpg 1120w\" data-sizes=\"(max-width: 1024px) 100vw, 1024px\" src=\"data:image\/svg+xml;base64,PHN2ZyB3aWR0aD0iMSIgaGVpZ2h0PSIxIiB4bWxucz0iaHR0cDovL3d3dy53My5vcmcvMjAwMC9zdmciPjwvc3ZnPg==\" \/><\/figure>\n\n\n\n<figure class=\"wp-block-image size-large\"><img decoding=\"async\" width=\"1024\" height=\"576\" data-attachment-id=\"123467\" data-permalink=\"https:\/\/eldiariodesanpedro.com.ar\/sitio\/en-hora-pico-y-en-pleno-centro-una-persona-le-disparo-a-otra\/imagen-de-whatsapp-2023-10-30-a-las-14-23-59_d78d71cf\/\" data-orig-file=\"https:\/\/eldiariodesanpedro.com.ar\/sitio\/wp-content\/uploads\/2023\/10\/Imagen-de-WhatsApp-2023-10-30-a-las-14.23.59_d78d71cf.jpg\" data-orig-size=\"1120,630\" data-comments-opened=\"0\" data-image-meta=\"{&quot;aperture&quot;:&quot;0&quot;,&quot;credit&quot;:&quot;&quot;,&quot;camera&quot;:&quot;&quot;,&quot;caption&quot;:&quot;&quot;,&quot;created_timestamp&quot;:&quot;0&quot;,&quot;copyright&quot;:&quot;&quot;,&quot;focal_length&quot;:&quot;0&quot;,&quot;iso&quot;:&quot;0&quot;,&quot;shutter_speed&quot;:&quot;0&quot;,&quot;title&quot;:&quot;&quot;,&quot;orientation&quot;:&quot;0&quot;}\" data-image-title=\"Imagen de WhatsApp 2023-10-30 a las 14.23.59_d78d71cf\" data-image-description=\"\" data-image-caption=\"\" data-large-file=\"https:\/\/eldiariodesanpedro.com.ar\/sitio\/wp-content\/uploads\/2023\/10\/Imagen-de-WhatsApp-2023-10-30-a-las-14.23.59_d78d71cf-1024x576.jpg\" data-src=\"https:\/\/eldiariodesanpedro.com.ar\/sitio\/wp-content\/uploads\/2023\/10\/Imagen-de-WhatsApp-2023-10-30-a-las-14.23.59_d78d71cf-1024x576.jpg\" alt=\"\" class=\"wp-image-123467 lazyload\" data-srcset=\"https:\/\/eldiariodesanpedro.com.ar\/sitio\/wp-content\/uploads\/2023\/10\/Imagen-de-WhatsApp-2023-10-30-a-las-14.23.59_d78d71cf-1024x576.jpg 1024w, https:\/\/eldiariodesanpedro.com.ar\/sitio\/wp-content\/uploads\/2023\/10\/Imagen-de-WhatsApp-2023-10-30-a-las-14.23.59_d78d71cf-300x169.jpg 300w, https:\/\/eldiariodesanpedro.com.ar\/sitio\/wp-content\/uploads\/2023\/10\/Imagen-de-WhatsApp-2023-10-30-a-las-14.23.59_d78d71cf-768x432.jpg 768w, https:\/\/eldiariodesanpedro.com.ar\/sitio\/wp-content\/uploads\/2023\/10\/Imagen-de-WhatsApp-2023-10-30-a-las-14.23.59_d78d71cf.jpg 1120w\" data-sizes=\"(max-width: 1024px) 100vw, 1024px\" src=\"data:image\/svg+xml;base64,PHN2ZyB3aWR0aD0iMSIgaGVpZ2h0PSIxIiB4bWxucz0iaHR0cDovL3d3dy53My5vcmcvMjAwMC9zdmciPjwvc3ZnPg==\" style=\"--smush-placeholder-width: 1024px; --smush-placeholder-aspect-ratio: 1024\/576;\" \/><\/figure>\n\n\n\n<figure class=\"wp-block-image size-large\"><img decoding=\"async\" width=\"1024\" height=\"576\" data-attachment-id=\"123460\" data-permalink=\"https:\/\/eldiariodesanpedro.com.ar\/sitio\/en-hora-pico-y-en-pleno-centro-una-persona-le-disparo-a-otra\/imagen-de-whatsapp-2023-10-30-a-las-14-22-41_a366a649\/\" data-orig-file=\"https:\/\/eldiariodesanpedro.com.ar\/sitio\/wp-content\/uploads\/2023\/10\/Imagen-de-WhatsApp-2023-10-30-a-las-14.22.41_a366a649.jpg\" data-orig-size=\"1120,630\" data-comments-opened=\"0\" data-image-meta=\"{&quot;aperture&quot;:&quot;0&quot;,&quot;credit&quot;:&quot;&quot;,&quot;camera&quot;:&quot;&quot;,&quot;caption&quot;:&quot;&quot;,&quot;created_timestamp&quot;:&quot;0&quot;,&quot;copyright&quot;:&quot;&quot;,&quot;focal_length&quot;:&quot;0&quot;,&quot;iso&quot;:&quot;0&quot;,&quot;shutter_speed&quot;:&quot;0&quot;,&quot;title&quot;:&quot;&quot;,&quot;orientation&quot;:&quot;0&quot;}\" data-image-title=\"Imagen de WhatsApp 2023-10-30 a las 14.22.41_a366a649\" data-image-description=\"\" data-image-caption=\"\" data-large-file=\"https:\/\/eldiariodesanpedro.com.ar\/sitio\/wp-content\/uploads\/2023\/10\/Imagen-de-WhatsApp-2023-10-30-a-las-14.22.41_a366a649-1024x576.jpg\" data-src=\"https:\/\/eldiariodesanpedro.com.ar\/sitio\/wp-content\/uploads\/2023\/10\/Imagen-de-WhatsApp-2023-10-30-a-las-14.22.41_a366a649-1024x576.jpg\" alt=\"\" class=\"wp-image-123460 lazyload\" data-srcset=\"https:\/\/eldiariodesanpedro.com.ar\/sitio\/wp-content\/uploads\/2023\/10\/Imagen-de-WhatsApp-2023-10-30-a-las-14.22.41_a366a649-1024x576.jpg 1024w, https:\/\/eldiariodesanpedro.com.ar\/sitio\/wp-content\/uploads\/2023\/10\/Imagen-de-WhatsApp-2023-10-30-a-las-14.22.41_a366a649-300x169.jpg 300w, https:\/\/eldiariodesanpedro.com.ar\/sitio\/wp-content\/uploads\/2023\/10\/Imagen-de-WhatsApp-2023-10-30-a-las-14.22.41_a366a649-768x432.jpg 768w, https:\/\/eldiariodesanpedro.com.ar\/sitio\/wp-content\/uploads\/2023\/10\/Imagen-de-WhatsApp-2023-10-30-a-las-14.22.41_a366a649.jpg 1120w\" data-sizes=\"(max-width: 1024px) 100vw, 1024px\" src=\"data:image\/svg+xml;base64,PHN2ZyB3aWR0aD0iMSIgaGVpZ2h0PSIxIiB4bWxucz0iaHR0cDovL3d3dy53My5vcmcvMjAwMC9zdmciPjwvc3ZnPg==\" style=\"--smush-placeholder-width: 1024px; --smush-placeholder-aspect-ratio: 1024\/576;\" \/><\/figure>\n\n\n\n<figure class=\"wp-block-image size-large\"><img decoding=\"async\" width=\"1024\" height=\"576\" data-attachment-id=\"123466\" data-permalink=\"https:\/\/eldiariodesanpedro.com.ar\/sitio\/en-hora-pico-y-en-pleno-centro-una-persona-le-disparo-a-otra\/imagen-de-whatsapp-2023-10-30-a-las-14-23-59_637a7711\/\" data-orig-file=\"https:\/\/eldiariodesanpedro.com.ar\/sitio\/wp-content\/uploads\/2023\/10\/Imagen-de-WhatsApp-2023-10-30-a-las-14.23.59_637a7711.jpg\" data-orig-size=\"1120,630\" data-comments-opened=\"0\" data-image-meta=\"{&quot;aperture&quot;:&quot;0&quot;,&quot;credit&quot;:&quot;&quot;,&quot;camera&quot;:&quot;&quot;,&quot;caption&quot;:&quot;&quot;,&quot;created_timestamp&quot;:&quot;0&quot;,&quot;copyright&quot;:&quot;&quot;,&quot;focal_length&quot;:&quot;0&quot;,&quot;iso&quot;:&quot;0&quot;,&quot;shutter_speed&quot;:&quot;0&quot;,&quot;title&quot;:&quot;&quot;,&quot;orientation&quot;:&quot;0&quot;}\" data-image-title=\"Imagen de WhatsApp 2023-10-30 a las 14.23.59_637a7711\" data-image-description=\"\" data-image-caption=\"\" data-large-file=\"https:\/\/eldiariodesanpedro.com.ar\/sitio\/wp-content\/uploads\/2023\/10\/Imagen-de-WhatsApp-2023-10-30-a-las-14.23.59_637a7711-1024x576.jpg\" data-src=\"https:\/\/eldiariodesanpedro.com.ar\/sitio\/wp-content\/uploads\/2023\/10\/Imagen-de-WhatsApp-2023-10-30-a-las-14.23.59_637a7711-1024x576.jpg\" alt=\"\" class=\"wp-image-123466 lazyload\" data-srcset=\"https:\/\/eldiariodesanpedro.com.ar\/sitio\/wp-content\/uploads\/2023\/10\/Imagen-de-WhatsApp-2023-10-30-a-las-14.23.59_637a7711-1024x576.jpg 1024w, https:\/\/eldiariodesanpedro.com.ar\/sitio\/wp-content\/uploads\/2023\/10\/Imagen-de-WhatsApp-2023-10-30-a-las-14.23.59_637a7711-300x169.jpg 300w, https:\/\/eldiariodesanpedro.com.ar\/sitio\/wp-content\/uploads\/2023\/10\/Imagen-de-WhatsApp-2023-10-30-a-las-14.23.59_637a7711-768x432.jpg 768w, https:\/\/eldiariodesanpedro.com.ar\/sitio\/wp-content\/uploads\/2023\/10\/Imagen-de-WhatsApp-2023-10-30-a-las-14.23.59_637a7711.jpg 1120w\" data-sizes=\"(max-width: 1024px) 100vw, 1024px\" src=\"data:image\/svg+xml;base64,PHN2ZyB3aWR0aD0iMSIgaGVpZ2h0PSIxIiB4bWxucz0iaHR0cDovL3d3dy53My5vcmcvMjAwMC9zdmciPjwvc3ZnPg==\" style=\"--smush-placeholder-width: 1024px; --smush-placeholder-aspect-ratio: 1024\/576;\" \/><\/figure>\n","protected":false},"excerpt":{"rendered":"<p>Un hecho de violencia dej\u00f3 el centro conmocionada este lunes en plena hora pico. Minutos antes del mediod\u00eda, en la zona c\u00e9ntrica de la ciudad, se produjo un incidente en el que dos individuos atacaron a otro ciudadano, dispar\u00e1ndole con un arma de fuego. A pesar de la confusi\u00f3n inicial que rode\u00f3 el evento, se [&hellip;]<\/p>\n","protected":false},"author":4,"featured_media":123465,"comment_status":"closed","ping_status":"closed","sticky":false,"template":"","format":"standard","meta":{"om_disable_all_campaigns":false,"_jetpack_memberships_contains_paid_content":false,"footnotes":""},"categories":[50,2,103],"tags":[197,33,95,19],"class_list":["post-123459","post","type-post","status-publish","format-standard","has-post-thumbnail","hentry","category-destacadas","category-locales","category-policiales-locales","tag-buenos-aires","tag-locales","tag-policiales","tag-san-pedro"],"aioseo_notices":[],"gutentor_comment":0,"jetpack_featured_media_url":"https:\/\/eldiariodesanpedro.com.ar\/sitio\/wp-content\/uploads\/2023\/10\/Imagen-de-WhatsApp-2023-10-30-a-las-14.23.59_89db0fe7.jpg","jetpack_shortlink":"https:\/\/wp.me\/p6RhLt-w7h","jetpack_sharing_enabled":true,"_links":{"self":[{"href":"https:\/\/eldiariodesanpedro.com.ar\/sitio\/wp-json\/wp\/v2\/posts\/123459","targetHints":{"allow":["GET"]}}],"collection":[{"href":"https:\/\/eldiariodesanpedro.com.ar\/sitio\/wp-json\/wp\/v2\/posts"}],"about":[{"href":"https:\/\/eldiariodesanpedro.com.ar\/sitio\/wp-json\/wp\/v2\/types\/post"}],"author":[{"embeddable":true,"href":"https:\/\/eldiariodesanpedro.com.ar\/sitio\/wp-json\/wp\/v2\/users\/4"}],"replies":[{"embeddable":true,"href":"https:\/\/eldiariodesanpedro.com.ar\/sitio\/wp-json\/wp\/v2\/comments?post=123459"}],"version-history":[{"count":1,"href":"https:\/\/eldiariodesanpedro.com.ar\/sitio\/wp-json\/wp\/v2\/posts\/123459\/revisions"}],"predecessor-version":[{"id":123469,"href":"https:\/\/eldiariodesanpedro.com.ar\/sitio\/wp-json\/wp\/v2\/posts\/123459\/revisions\/123469"}],"wp:featuredmedia":[{"embeddable":true,"href":"https:\/\/eldiariodesanpedro.com.ar\/sitio\/wp-json\/wp\/v2\/media\/123465"}],"wp:attachment":[{"href":"https:\/\/eldiariodesanpedro.com.ar\/sitio\/wp-json\/wp\/v2\/media?parent=123459"}],"wp:term":[{"taxonomy":"category","embeddable":true,"href":"https:\/\/eldiariodesanpedro.com.ar\/sitio\/wp-json\/wp\/v2\/categories?post=123459"},{"taxonomy":"post_tag","embeddable":true,"href":"https:\/\/eldiariodesanpedro.com.ar\/sitio\/wp-json\/wp\/v2\/tags?post=123459"}],"curies":[{"name":"wp","href":"https:\/\/api.w.org\/{rel}","templated":true}]}}