{"id":123457,"date":"2023-10-30T11:44:59","date_gmt":"2023-10-30T14:44:59","guid":{"rendered":"https:\/\/eldiariodesanpedro.com.ar\/sitio\/?p=123457"},"modified":"2023-10-30T11:45:04","modified_gmt":"2023-10-30T14:45:04","slug":"cronograma-de-pagos-de-anses-para-noviembre","status":"publish","type":"post","link":"https:\/\/eldiariodesanpedro.com.ar\/sitio\/cronograma-de-pagos-de-anses-para-noviembre\/","title":{"rendered":"Cronograma de pagos de Anses para noviembre"},"content":{"rendered":"<!-- VideographyWP Plugin Message: Automatic video embedding prevented by plugin options. -->\n\n<p>ANSES comunica los calendarios de pagos de noviembre para jubiladas, jubilados, pensionadas, pensionados, Pensiones No Contributivas y titulares de la Asignaci\u00f3n Universal por Hijo, Asignaci\u00f3n por Embarazo, Asignaciones Familiares, de Pago \u00danico (Matrimonio, Nacimiento y Adopci\u00f3n) y Prestaci\u00f3n por Desempleo.<br>En tanto, todos los jubilados y pensionados que perciben el haber m\u00ednimo recibir\u00e1n la tercera cuota del refuerzo de 37 mil pesos, por lo que ninguno de ellos cobrar\u00e1 menos de 124.460 pesos.<\/p>\n\n\n\n<p>Jubilaciones y pensiones que no superen un haber m\u00ednimo<br>\u00b7 DNI terminados en 0: 9 de noviembre<br>\u00b7 DNI terminados en 1: 10 de noviembre<br>\u00b7 DNI terminados en 2: 13 de noviembre<br>\u00b7 DNI terminados en 3: 14 de noviembre<br>\u00b7 DNI terminados en 4: 15 de noviembre<br>\u00b7 DNI terminados en 5: 16 de noviembre<br>\u00b7 DNI terminados en 6: 17 de noviembre<br>\u00b7 DNI terminados en 7: 21 de noviembre<br>\u00b7 DNI terminados en 8: 22 de noviembre<br>\u00b7 DNI terminados en 9: 23 de noviembre<\/p>\n\n\n\n<p>Jubilaciones y pensiones que superen un haber m\u00ednimo<br>\u00b7 DNI terminados en 0 y 1: 24 de noviembre<br>\u00b7 DNI terminados en 2 y 3: 27 de noviembre<br>\u00b7 DNI terminados en 4 y 5: 28 de noviembre<br>\u00b7 DNI terminados en 6 y 7: 29 de noviembre<br>\u00b7 DNI terminados en 8 y 9: 30 de noviembre<\/p>\n\n\n\n<p>Asignaci\u00f3n Universal por Hijo y Asignaci\u00f3n Familiar por Hijo<br>\u00b7 DNI terminados en 0: 9 de noviembre<br>\u00b7 DNI terminados en 1: 10 de noviembre<br>\u00b7 DNI terminados en 2: 13 de noviembre<br>\u00b7 DNI terminados en 3: 14 de noviembre<br>\u00b7 DNI terminados en 4: 15 de noviembre<br>\u00b7 DNI terminados en 5: 16 de noviembre<br>\u00b7 DNI terminados en 6: 17 de noviembre<br>\u00b7 DNI terminados en 7: 21 de noviembre<br>\u00b7 DNI terminados en 8: 22 de noviembre<br>\u00b7 DNI terminados en 9: 23 de noviembre<\/p>\n\n\n\n<p>Asignaci\u00f3n por Embarazo<br>\u00b7 DNI terminados en 0: 10 de noviembre<br>\u00b7 DNI terminados en 1: 13 de noviembre<br>\u00b7 DNI terminados en 2: 14 de noviembre<br>\u00b7 DNI terminados en 3: 15 de noviembre<br>\u00b7 DNI terminados en 4: 16 de noviembre<br>\u00b7 DNI terminados en 5: 17 de noviembre<br>\u00b7 DNI terminados en 6: 21 de noviembre<br>\u00b7 DNI terminados en 7: 22 de noviembre<br>\u00b7 DNI terminados en 8: 23 de noviembre<br>\u00b7 DNI terminados en 9: 24 de noviembre<\/p>\n\n\n\n<p>Asignaci\u00f3n por Prenatal y Maternidad<br>\u00b7 DNI terminados en 0 y 1: 9 de noviembre<br>\u00b7 DNI terminados en 2 y 3: 10 de noviembre<br>\u00b7 DNI terminados en 4 y 5: 13 de noviembre<br>\u00b7 DNI terminados en 6 y 7: 14 de noviembre<br>\u00b7 DNI terminados en 8 y 9: 15 de noviembre<\/p>\n\n\n\n<p>Asignaciones Pago \u00danico<br>\u00b7 Todas las terminaciones de documentos: 6 de noviembre al 12 de diciembre<\/p>\n\n\n\n<p>Pensiones No Contributivas<br>\u00b7 DNI terminados en 0 y 1: 1 de noviembre<br>\u00b7 DNI terminados en 2 y 3: 2 de noviembre<br>\u00b7 DNI terminados en 4 y 5: 3 de noviembre<br>\u00b7 DNI terminados en 6 y 7: 7 de noviembre<br>\u00b7 DNI terminados en 8 y 9: 8 de noviembre<\/p>\n\n\n\n<p>Asignaciones Familiares de Pensiones No Contributivas<br>\u00b7 Todas las terminaciones de documentos: 9 de noviembre al 12 de diciembre<\/p>\n\n\n\n<p>Desempleo<br>\u00b7 DNI terminados en 0 y 1: 23 de noviembre<br>\u00b7 DNI terminados en 2 y 3: 24 de noviembre<br>\u00b7 DNI terminados en 4 y 5: 28 de noviembre<br>\u00b7 DNI terminados en 6 y 7: 29 de noviembre<br>\u00b7 DNI terminados en 8 y 9: 30 de noviembre<\/p>\n","protected":false},"excerpt":{"rendered":"<p>ANSES comunica los calendarios de pagos de noviembre para jubiladas, jubilados, pensionadas, pensionados, Pensiones No Contributivas y titulares de la Asignaci\u00f3n Universal por Hijo, Asignaci\u00f3n por Embarazo, Asignaciones Familiares, de Pago \u00danico (Matrimonio, Nacimiento y Adopci\u00f3n) y Prestaci\u00f3n por Desempleo.En tanto, todos los jubilados y pensionados que perciben el haber m\u00ednimo recibir\u00e1n la tercera cuota [&hellip;]<\/p>\n","protected":false},"author":4,"featured_media":111293,"comment_status":"closed","ping_status":"closed","sticky":false,"template":"","format":"standard","meta":{"om_disable_all_campaigns":false,"_jetpack_memberships_contains_paid_content":false,"footnotes":""},"categories":[50,101,2],"tags":[197,696,33,19],"class_list":["post-123457","post","type-post","status-publish","format-standard","has-post-thumbnail","hentry","category-destacadas","category-interes-general-locales","category-locales","tag-buenos-aires","tag-interes-general","tag-locales","tag-san-pedro"],"aioseo_notices":[],"gutentor_comment":0,"jetpack_featured_media_url":"https:\/\/eldiariodesanpedro.com.ar\/sitio\/wp-content\/uploads\/2022\/10\/anses.png","jetpack_shortlink":"https:\/\/wp.me\/p6RhLt-w7f","jetpack_sharing_enabled":true,"_links":{"self":[{"href":"https:\/\/eldiariodesanpedro.com.ar\/sitio\/wp-json\/wp\/v2\/posts\/123457","targetHints":{"allow":["GET"]}}],"collection":[{"href":"https:\/\/eldiariodesanpedro.com.ar\/sitio\/wp-json\/wp\/v2\/posts"}],"about":[{"href":"https:\/\/eldiariodesanpedro.com.ar\/sitio\/wp-json\/wp\/v2\/types\/post"}],"author":[{"embeddable":true,"href":"https:\/\/eldiariodesanpedro.com.ar\/sitio\/wp-json\/wp\/v2\/users\/4"}],"replies":[{"embeddable":true,"href":"https:\/\/eldiariodesanpedro.com.ar\/sitio\/wp-json\/wp\/v2\/comments?post=123457"}],"version-history":[{"count":1,"href":"https:\/\/eldiariodesanpedro.com.ar\/sitio\/wp-json\/wp\/v2\/posts\/123457\/revisions"}],"predecessor-version":[{"id":123458,"href":"https:\/\/eldiariodesanpedro.com.ar\/sitio\/wp-json\/wp\/v2\/posts\/123457\/revisions\/123458"}],"wp:featuredmedia":[{"embeddable":true,"href":"https:\/\/eldiariodesanpedro.com.ar\/sitio\/wp-json\/wp\/v2\/media\/111293"}],"wp:attachment":[{"href":"https:\/\/eldiariodesanpedro.com.ar\/sitio\/wp-json\/wp\/v2\/media?parent=123457"}],"wp:term":[{"taxonomy":"category","embeddable":true,"href":"https:\/\/eldiariodesanpedro.com.ar\/sitio\/wp-json\/wp\/v2\/categories?post=123457"},{"taxonomy":"post_tag","embeddable":true,"href":"https:\/\/eldiariodesanpedro.com.ar\/sitio\/wp-json\/wp\/v2\/tags?post=123457"}],"curies":[{"name":"wp","href":"https:\/\/api.w.org\/{rel}","templated":true}]}}