{"id":123451,"date":"2023-10-27T13:43:30","date_gmt":"2023-10-27T16:43:30","guid":{"rendered":"https:\/\/eldiariodesanpedro.com.ar\/sitio\/?p=123451"},"modified":"2023-10-27T13:43:32","modified_gmt":"2023-10-27T16:43:32","slug":"aprehendieron-al-delincuente-que-robo-la-placa-de-la-biblioteca-rafael-obligado","status":"publish","type":"post","link":"https:\/\/eldiariodesanpedro.com.ar\/sitio\/aprehendieron-al-delincuente-que-robo-la-placa-de-la-biblioteca-rafael-obligado\/","title":{"rendered":"Aprehendieron al delincuente que robo la placa de la Biblioteca Rafael Obligado"},"content":{"rendered":"<!-- VideographyWP Plugin Message: Automatic video embedding prevented by plugin options. -->\n\n<p>En el d\u00eda de ayer en horas de la noche, tras arduas tareas investigativas, recopilaci\u00f3n e inspecci\u00f3n minuciosa de registros f\u00edlmicos de c\u00e1maras municipales y privadas es que se solicita allanamiento de urgencia para con un domicilio de nuestra ciudad, la fiscal\u00eda avala lo investigado y se procede a realizar un allanamiento de urgencia, obteniendo resultado altamente positivo, secuestr\u00e1ndose elementos de inter\u00e9s para la causa tales como, vestimenta y rodado utilizado al momento del hecho por el malviviente.<br>Fiscal\u00eda avala allanamiento y dispone secuestro y aprehensi\u00f3n para con el sindicado.-<\/p>\n","protected":false},"excerpt":{"rendered":"<p>En el d\u00eda de ayer en horas de la noche, tras arduas tareas investigativas, recopilaci\u00f3n e inspecci\u00f3n minuciosa de registros f\u00edlmicos de c\u00e1maras municipales y privadas es que se solicita allanamiento de urgencia para con un domicilio de nuestra ciudad, la fiscal\u00eda avala lo investigado y se procede a realizar un allanamiento de urgencia, obteniendo [&hellip;]<\/p>\n","protected":false},"author":4,"featured_media":123452,"comment_status":"closed","ping_status":"closed","sticky":false,"template":"","format":"standard","meta":{"om_disable_all_campaigns":false,"_jetpack_memberships_contains_paid_content":false,"footnotes":""},"categories":[50,2,103],"tags":[197,33,95,19],"class_list":["post-123451","post","type-post","status-publish","format-standard","has-post-thumbnail","hentry","category-destacadas","category-locales","category-policiales-locales","tag-buenos-aires","tag-locales","tag-policiales","tag-san-pedro"],"aioseo_notices":[],"gutentor_comment":0,"jetpack_featured_media_url":"https:\/\/eldiariodesanpedro.com.ar\/sitio\/wp-content\/uploads\/2023\/10\/medida-28.png","jetpack_shortlink":"https:\/\/wp.me\/p6RhLt-w79","jetpack_sharing_enabled":true,"_links":{"self":[{"href":"https:\/\/eldiariodesanpedro.com.ar\/sitio\/wp-json\/wp\/v2\/posts\/123451","targetHints":{"allow":["GET"]}}],"collection":[{"href":"https:\/\/eldiariodesanpedro.com.ar\/sitio\/wp-json\/wp\/v2\/posts"}],"about":[{"href":"https:\/\/eldiariodesanpedro.com.ar\/sitio\/wp-json\/wp\/v2\/types\/post"}],"author":[{"embeddable":true,"href":"https:\/\/eldiariodesanpedro.com.ar\/sitio\/wp-json\/wp\/v2\/users\/4"}],"replies":[{"embeddable":true,"href":"https:\/\/eldiariodesanpedro.com.ar\/sitio\/wp-json\/wp\/v2\/comments?post=123451"}],"version-history":[{"count":1,"href":"https:\/\/eldiariodesanpedro.com.ar\/sitio\/wp-json\/wp\/v2\/posts\/123451\/revisions"}],"predecessor-version":[{"id":123453,"href":"https:\/\/eldiariodesanpedro.com.ar\/sitio\/wp-json\/wp\/v2\/posts\/123451\/revisions\/123453"}],"wp:featuredmedia":[{"embeddable":true,"href":"https:\/\/eldiariodesanpedro.com.ar\/sitio\/wp-json\/wp\/v2\/media\/123452"}],"wp:attachment":[{"href":"https:\/\/eldiariodesanpedro.com.ar\/sitio\/wp-json\/wp\/v2\/media?parent=123451"}],"wp:term":[{"taxonomy":"category","embeddable":true,"href":"https:\/\/eldiariodesanpedro.com.ar\/sitio\/wp-json\/wp\/v2\/categories?post=123451"},{"taxonomy":"post_tag","embeddable":true,"href":"https:\/\/eldiariodesanpedro.com.ar\/sitio\/wp-json\/wp\/v2\/tags?post=123451"}],"curies":[{"name":"wp","href":"https:\/\/api.w.org\/{rel}","templated":true}]}}