{"id":123448,"date":"2023-10-27T13:09:19","date_gmt":"2023-10-27T16:09:19","guid":{"rendered":"https:\/\/eldiariodesanpedro.com.ar\/sitio\/?p=123448"},"modified":"2023-10-27T13:09:21","modified_gmt":"2023-10-27T16:09:21","slug":"un-joven-aprehendido-por-tenencia-de-plantas-de-marihuana-en-gobernador-castro","status":"publish","type":"post","link":"https:\/\/eldiariodesanpedro.com.ar\/sitio\/un-joven-aprehendido-por-tenencia-de-plantas-de-marihuana-en-gobernador-castro\/","title":{"rendered":"Un joven aprehendido por tenencia de plantas de marihuana en Gobernador Castro"},"content":{"rendered":"<!-- VideographyWP Plugin Message: Automatic video embedding prevented by plugin options. -->\n\n<p>Este jueves se realizaron allanamiento en la localidad de Castro donde se secuestraron plantas de marihuana.<\/p>\n\n\n\n<p>En la tarde de ayer efectivos de la comisaria local realizaron allanamientos ordenados por el juzgado de garant\u00eda&nbsp; de San Nicol\u00e1s, en la localidad de Gobernado castro donde en una vivienda se secuestr\u00f3 plantas de marihuana y se aprehendi\u00f3 a un joven morador de la misma.<\/p>\n","protected":false},"excerpt":{"rendered":"<p>Este jueves se realizaron allanamiento en la localidad de Castro donde se secuestraron plantas de marihuana. En la tarde de ayer efectivos de la comisaria local realizaron allanamientos ordenados por el juzgado de garant\u00eda&nbsp; de San Nicol\u00e1s, en la localidad de Gobernado castro donde en una vivienda se secuestr\u00f3 plantas de marihuana y se aprehendi\u00f3 [&hellip;]<\/p>\n","protected":false},"author":4,"featured_media":123449,"comment_status":"closed","ping_status":"closed","sticky":false,"template":"","format":"standard","meta":{"om_disable_all_campaigns":false,"_jetpack_memberships_contains_paid_content":false,"footnotes":""},"categories":[2,103],"tags":[197,33,19,4567],"class_list":["post-123448","post","type-post","status-publish","format-standard","has-post-thumbnail","hentry","category-locales","category-policiales-locales","tag-buenos-aires","tag-locales","tag-san-pedro","tag-un-joven-aprehendido-por-tenencia-de-plantas-de-marihuana-en-gobernador-castro"],"aioseo_notices":[],"gutentor_comment":0,"jetpack_featured_media_url":"https:\/\/eldiariodesanpedro.com.ar\/sitio\/wp-content\/uploads\/2023\/10\/medida-27.png","jetpack_shortlink":"https:\/\/wp.me\/p6RhLt-w76","jetpack_sharing_enabled":true,"_links":{"self":[{"href":"https:\/\/eldiariodesanpedro.com.ar\/sitio\/wp-json\/wp\/v2\/posts\/123448","targetHints":{"allow":["GET"]}}],"collection":[{"href":"https:\/\/eldiariodesanpedro.com.ar\/sitio\/wp-json\/wp\/v2\/posts"}],"about":[{"href":"https:\/\/eldiariodesanpedro.com.ar\/sitio\/wp-json\/wp\/v2\/types\/post"}],"author":[{"embeddable":true,"href":"https:\/\/eldiariodesanpedro.com.ar\/sitio\/wp-json\/wp\/v2\/users\/4"}],"replies":[{"embeddable":true,"href":"https:\/\/eldiariodesanpedro.com.ar\/sitio\/wp-json\/wp\/v2\/comments?post=123448"}],"version-history":[{"count":1,"href":"https:\/\/eldiariodesanpedro.com.ar\/sitio\/wp-json\/wp\/v2\/posts\/123448\/revisions"}],"predecessor-version":[{"id":123450,"href":"https:\/\/eldiariodesanpedro.com.ar\/sitio\/wp-json\/wp\/v2\/posts\/123448\/revisions\/123450"}],"wp:featuredmedia":[{"embeddable":true,"href":"https:\/\/eldiariodesanpedro.com.ar\/sitio\/wp-json\/wp\/v2\/media\/123449"}],"wp:attachment":[{"href":"https:\/\/eldiariodesanpedro.com.ar\/sitio\/wp-json\/wp\/v2\/media?parent=123448"}],"wp:term":[{"taxonomy":"category","embeddable":true,"href":"https:\/\/eldiariodesanpedro.com.ar\/sitio\/wp-json\/wp\/v2\/categories?post=123448"},{"taxonomy":"post_tag","embeddable":true,"href":"https:\/\/eldiariodesanpedro.com.ar\/sitio\/wp-json\/wp\/v2\/tags?post=123448"}],"curies":[{"name":"wp","href":"https:\/\/api.w.org\/{rel}","templated":true}]}}