{"id":123445,"date":"2023-10-27T12:39:07","date_gmt":"2023-10-27T15:39:07","guid":{"rendered":"https:\/\/eldiariodesanpedro.com.ar\/sitio\/?p=123445"},"modified":"2023-10-27T12:39:10","modified_gmt":"2023-10-27T15:39:10","slug":"un-delincuente-con-antecedentes-aprehendido-por-robar-cajas-de-chocolates-en-un-comercio-de-dulces","status":"publish","type":"post","link":"https:\/\/eldiariodesanpedro.com.ar\/sitio\/un-delincuente-con-antecedentes-aprehendido-por-robar-cajas-de-chocolates-en-un-comercio-de-dulces\/","title":{"rendered":"Un delincuente con antecedentes aprehendido por robar cajas de chocolates en un comercio de dulces"},"content":{"rendered":"<!-- VideographyWP Plugin Message: Automatic video embedding prevented by plugin options. -->\n\n<p>En la jornada de ayer alrededor de las 11:30 horas aproximadamente en la comisar\u00eda local &nbsp;se recibe llamado telef\u00f3nico informando que en local comercial sobre calle General Pueyrred\u00f3n rubro venta de dulces, se encontraba un masculino, con reiterados ingresos a dependencia policial, quien ten\u00eda escondida entre sus prendas varias cajas de chocolates.<\/p>\n\n\n\n<p>Al arribo del personal policial proceden a requisar al masculino en presencia de los due\u00f1os del comercio donde encuentran entre sus ropas una caja de chocolates marroc y una caja de barritas de chocolate k\u00ednder maxi, por lo que se procede a la aprehensi\u00f3n del masculino, mayor de edad, y puesta a disposici\u00f3n de la Fiscal\u00eda en turno quien avala lo actuado y dispone se traslade a dependencia para su alojamiento.<\/p>\n","protected":false},"excerpt":{"rendered":"<p>En la jornada de ayer alrededor de las 11:30 horas aproximadamente en la comisar\u00eda local &nbsp;se recibe llamado telef\u00f3nico informando que en local comercial sobre calle General Pueyrred\u00f3n rubro venta de dulces, se encontraba un masculino, con reiterados ingresos a dependencia policial, quien ten\u00eda escondida entre sus prendas varias cajas de chocolates. Al arribo del [&hellip;]<\/p>\n","protected":false},"author":4,"featured_media":123446,"comment_status":"closed","ping_status":"closed","sticky":false,"template":"","format":"standard","meta":{"om_disable_all_campaigns":false,"_jetpack_memberships_contains_paid_content":false,"footnotes":""},"categories":[2,103],"tags":[197,33,95,19],"class_list":["post-123445","post","type-post","status-publish","format-standard","has-post-thumbnail","hentry","category-locales","category-policiales-locales","tag-buenos-aires","tag-locales","tag-policiales","tag-san-pedro"],"aioseo_notices":[],"gutentor_comment":0,"jetpack_featured_media_url":"https:\/\/eldiariodesanpedro.com.ar\/sitio\/wp-content\/uploads\/2023\/10\/medida-26.png","jetpack_shortlink":"https:\/\/wp.me\/p6RhLt-w73","jetpack_sharing_enabled":true,"_links":{"self":[{"href":"https:\/\/eldiariodesanpedro.com.ar\/sitio\/wp-json\/wp\/v2\/posts\/123445","targetHints":{"allow":["GET"]}}],"collection":[{"href":"https:\/\/eldiariodesanpedro.com.ar\/sitio\/wp-json\/wp\/v2\/posts"}],"about":[{"href":"https:\/\/eldiariodesanpedro.com.ar\/sitio\/wp-json\/wp\/v2\/types\/post"}],"author":[{"embeddable":true,"href":"https:\/\/eldiariodesanpedro.com.ar\/sitio\/wp-json\/wp\/v2\/users\/4"}],"replies":[{"embeddable":true,"href":"https:\/\/eldiariodesanpedro.com.ar\/sitio\/wp-json\/wp\/v2\/comments?post=123445"}],"version-history":[{"count":1,"href":"https:\/\/eldiariodesanpedro.com.ar\/sitio\/wp-json\/wp\/v2\/posts\/123445\/revisions"}],"predecessor-version":[{"id":123447,"href":"https:\/\/eldiariodesanpedro.com.ar\/sitio\/wp-json\/wp\/v2\/posts\/123445\/revisions\/123447"}],"wp:featuredmedia":[{"embeddable":true,"href":"https:\/\/eldiariodesanpedro.com.ar\/sitio\/wp-json\/wp\/v2\/media\/123446"}],"wp:attachment":[{"href":"https:\/\/eldiariodesanpedro.com.ar\/sitio\/wp-json\/wp\/v2\/media?parent=123445"}],"wp:term":[{"taxonomy":"category","embeddable":true,"href":"https:\/\/eldiariodesanpedro.com.ar\/sitio\/wp-json\/wp\/v2\/categories?post=123445"},{"taxonomy":"post_tag","embeddable":true,"href":"https:\/\/eldiariodesanpedro.com.ar\/sitio\/wp-json\/wp\/v2\/tags?post=123445"}],"curies":[{"name":"wp","href":"https:\/\/api.w.org\/{rel}","templated":true}]}}