{"id":123441,"date":"2023-10-27T11:19:41","date_gmt":"2023-10-27T14:19:41","guid":{"rendered":"https:\/\/eldiariodesanpedro.com.ar\/sitio\/?p=123441"},"modified":"2023-10-27T11:19:44","modified_gmt":"2023-10-27T14:19:44","slug":"inscripcion-abierta-del-programa-buenos-aires-crea-para-mejorar-tu-hogar","status":"publish","type":"post","link":"https:\/\/eldiariodesanpedro.com.ar\/sitio\/inscripcion-abierta-del-programa-buenos-aires-crea-para-mejorar-tu-hogar\/","title":{"rendered":"Inscripci\u00f3n Abierta del Programa \u00abBuenos Aires CREA\u00bb para Mejorar Tu Hogar"},"content":{"rendered":"<!-- VideographyWP Plugin Message: Automatic video embedding prevented by plugin options. -->\n\n<p>La Municipalidad de San Pedro informa que se encuentra abierta, hasta el martes 7 de noviembre, la sexta convocatoria del programa \u201cBuenos Aires CREA\u201d que lleva adelante el Gobierno de la Provincia de Buenos Aires destinado a quienes buscan realizar reformas, refacciones o ampliaciones en su hogar, brindando cr\u00e9ditos accesibles para que m\u00e1s familias puedan vivir mejor.<\/p>\n\n\n\n<p>La inscripci\u00f3n y asesoramiento se llevar\u00e1 a cabo en las oficinas de la Direcci\u00f3n de Comisiones de Fomento ubicada en la Secretar\u00eda de Desarrollo Humano (Rivadavia y Oliveira C\u00e9zar) de 8 a 14 horas.<\/p>\n\n\n\n<p>Requisitos para la inscripci\u00f3n<\/p>\n\n\n\n<p>*Poseer DNI argentino.<br>*Tener entre 18 y 70 a\u00f1os.<br>*Residir en la Provincia de Buenos Aires por al menos 2 a\u00f1os.<br>*Habitar el hogar donde se realizar\u00e1 la obra.<br>*Ser propietaria\/o, inquilina\/o o habitar una casa en pr\u00e9stamo.<br>*Acreditar ingresos por un monto de entre 1 a 5 salarios m\u00ednimos. Ver m\u00e1s informaci\u00f3n.<br>*En caso de no poder acreditar ingresos, presentar una declaraci\u00f3n jurada demostrando consumos a trav\u00e9s de los res\u00famenes pagos de la tarjeta de cr\u00e9dito del \u00faltimo a\u00f1o.<br>*S\u00f3lo se podr\u00e1 realizar una solicitud por grupo familiar, pudiendo sumarse los ingresos de hasta dos\u00a0integrantes.<\/p>\n\n\n\n<figure class=\"wp-block-image size-full\"><img decoding=\"async\" width=\"630\" height=\"630\" data-attachment-id=\"123442\" data-permalink=\"https:\/\/eldiariodesanpedro.com.ar\/sitio\/inscripcion-abierta-del-programa-buenos-aires-crea-para-mejorar-tu-hogar\/imagen-de-whatsapp-2023-10-27-a-las-09-59-38_936a23e5\/\" data-orig-file=\"https:\/\/eldiariodesanpedro.com.ar\/sitio\/wp-content\/uploads\/2023\/10\/Imagen-de-WhatsApp-2023-10-27-a-las-09.59.38_936a23e5.jpg\" data-orig-size=\"630,630\" data-comments-opened=\"0\" data-image-meta=\"{&quot;aperture&quot;:&quot;0&quot;,&quot;credit&quot;:&quot;&quot;,&quot;camera&quot;:&quot;&quot;,&quot;caption&quot;:&quot;&quot;,&quot;created_timestamp&quot;:&quot;0&quot;,&quot;copyright&quot;:&quot;&quot;,&quot;focal_length&quot;:&quot;0&quot;,&quot;iso&quot;:&quot;0&quot;,&quot;shutter_speed&quot;:&quot;0&quot;,&quot;title&quot;:&quot;&quot;,&quot;orientation&quot;:&quot;0&quot;}\" data-image-title=\"Imagen-de-WhatsApp-2023-10-27-a-las-09.59.38_936a23e5\" data-image-description=\"\" data-image-caption=\"\" data-large-file=\"https:\/\/eldiariodesanpedro.com.ar\/sitio\/wp-content\/uploads\/2023\/10\/Imagen-de-WhatsApp-2023-10-27-a-las-09.59.38_936a23e5.jpg\" data-src=\"https:\/\/eldiariodesanpedro.com.ar\/sitio\/wp-content\/uploads\/2023\/10\/Imagen-de-WhatsApp-2023-10-27-a-las-09.59.38_936a23e5.jpg\" alt=\"\" class=\"wp-image-123442 lazyload\" data-srcset=\"https:\/\/eldiariodesanpedro.com.ar\/sitio\/wp-content\/uploads\/2023\/10\/Imagen-de-WhatsApp-2023-10-27-a-las-09.59.38_936a23e5.jpg 630w, https:\/\/eldiariodesanpedro.com.ar\/sitio\/wp-content\/uploads\/2023\/10\/Imagen-de-WhatsApp-2023-10-27-a-las-09.59.38_936a23e5-300x300.jpg 300w, https:\/\/eldiariodesanpedro.com.ar\/sitio\/wp-content\/uploads\/2023\/10\/Imagen-de-WhatsApp-2023-10-27-a-las-09.59.38_936a23e5-150x150.jpg 150w\" data-sizes=\"(max-width: 630px) 100vw, 630px\" src=\"data:image\/svg+xml;base64,PHN2ZyB3aWR0aD0iMSIgaGVpZ2h0PSIxIiB4bWxucz0iaHR0cDovL3d3dy53My5vcmcvMjAwMC9zdmciPjwvc3ZnPg==\" style=\"--smush-placeholder-width: 630px; --smush-placeholder-aspect-ratio: 630\/630;\" \/><\/figure>\n","protected":false},"excerpt":{"rendered":"<p>La Municipalidad de San Pedro informa que se encuentra abierta, hasta el martes 7 de noviembre, la sexta convocatoria del programa \u201cBuenos Aires CREA\u201d que lleva adelante el Gobierno de la Provincia de Buenos Aires destinado a quienes buscan realizar reformas, refacciones o ampliaciones en su hogar, brindando cr\u00e9ditos accesibles para que m\u00e1s familias puedan [&hellip;]<\/p>\n","protected":false},"author":4,"featured_media":123443,"comment_status":"closed","ping_status":"closed","sticky":false,"template":"","format":"standard","meta":{"om_disable_all_campaigns":false,"_jetpack_memberships_contains_paid_content":false,"footnotes":""},"categories":[50,101,2],"tags":[197,696,33,19],"class_list":["post-123441","post","type-post","status-publish","format-standard","has-post-thumbnail","hentry","category-destacadas","category-interes-general-locales","category-locales","tag-buenos-aires","tag-interes-general","tag-locales","tag-san-pedro"],"aioseo_notices":[],"gutentor_comment":0,"jetpack_featured_media_url":"https:\/\/eldiariodesanpedro.com.ar\/sitio\/wp-content\/uploads\/2023\/10\/634d697b4ce64.jpg","jetpack_shortlink":"https:\/\/wp.me\/p6RhLt-w6Z","jetpack_sharing_enabled":true,"_links":{"self":[{"href":"https:\/\/eldiariodesanpedro.com.ar\/sitio\/wp-json\/wp\/v2\/posts\/123441","targetHints":{"allow":["GET"]}}],"collection":[{"href":"https:\/\/eldiariodesanpedro.com.ar\/sitio\/wp-json\/wp\/v2\/posts"}],"about":[{"href":"https:\/\/eldiariodesanpedro.com.ar\/sitio\/wp-json\/wp\/v2\/types\/post"}],"author":[{"embeddable":true,"href":"https:\/\/eldiariodesanpedro.com.ar\/sitio\/wp-json\/wp\/v2\/users\/4"}],"replies":[{"embeddable":true,"href":"https:\/\/eldiariodesanpedro.com.ar\/sitio\/wp-json\/wp\/v2\/comments?post=123441"}],"version-history":[{"count":1,"href":"https:\/\/eldiariodesanpedro.com.ar\/sitio\/wp-json\/wp\/v2\/posts\/123441\/revisions"}],"predecessor-version":[{"id":123444,"href":"https:\/\/eldiariodesanpedro.com.ar\/sitio\/wp-json\/wp\/v2\/posts\/123441\/revisions\/123444"}],"wp:featuredmedia":[{"embeddable":true,"href":"https:\/\/eldiariodesanpedro.com.ar\/sitio\/wp-json\/wp\/v2\/media\/123443"}],"wp:attachment":[{"href":"https:\/\/eldiariodesanpedro.com.ar\/sitio\/wp-json\/wp\/v2\/media?parent=123441"}],"wp:term":[{"taxonomy":"category","embeddable":true,"href":"https:\/\/eldiariodesanpedro.com.ar\/sitio\/wp-json\/wp\/v2\/categories?post=123441"},{"taxonomy":"post_tag","embeddable":true,"href":"https:\/\/eldiariodesanpedro.com.ar\/sitio\/wp-json\/wp\/v2\/tags?post=123441"}],"curies":[{"name":"wp","href":"https:\/\/api.w.org\/{rel}","templated":true}]}}