{"id":123438,"date":"2023-10-27T11:15:45","date_gmt":"2023-10-27T14:15:45","guid":{"rendered":"https:\/\/eldiariodesanpedro.com.ar\/sitio\/?p=123438"},"modified":"2023-10-27T11:15:47","modified_gmt":"2023-10-27T14:15:47","slug":"festejos-por-los-50-anos-de-la-educacion-para-adultos","status":"publish","type":"post","link":"https:\/\/eldiariodesanpedro.com.ar\/sitio\/festejos-por-los-50-anos-de-la-educacion-para-adultos\/","title":{"rendered":"Festejos por los 50 a\u00f1os de la Educaci\u00f3n para Adultos"},"content":{"rendered":"<!-- VideographyWP Plugin Message: Automatic video embedding prevented by plugin options. -->\n\n<p>La Municipalidad de San Pedro invita a participar de los festejos en conmemoraci\u00f3n de los 50 a\u00f1os de la modalidad de Educaci\u00f3n de Adultos que se realizar\u00e1 este viernes 27 de octubre en el Paseo P\u00fablico Municipal.<\/p>\n\n\n\n<p>Durante la jornada, enmarcada en las actividades que lleva a cabo el Gobierno de la Provincia de Buenos Aires por los 50 a\u00f1os de la modalidad de J\u00f3venes, Adultos y Adultos Mayores, se llevar\u00e1n a cabo diferentes propuestas para la familia, juegos, sorteos y m\u00fasica en vivo, adem\u00e1s de artistas invitados y desde las 17.30 hs. merienda&nbsp;a&nbsp;la&nbsp;canasta.<\/p>\n","protected":false},"excerpt":{"rendered":"<p>La Municipalidad de San Pedro invita a participar de los festejos en conmemoraci\u00f3n de los 50 a\u00f1os de la modalidad de Educaci\u00f3n de Adultos que se realizar\u00e1 este viernes 27 de octubre en el Paseo P\u00fablico Municipal. Durante la jornada, enmarcada en las actividades que lleva a cabo el Gobierno de la Provincia de Buenos [&hellip;]<\/p>\n","protected":false},"author":4,"featured_media":123439,"comment_status":"closed","ping_status":"closed","sticky":false,"template":"","format":"standard","meta":{"om_disable_all_campaigns":false,"_jetpack_memberships_contains_paid_content":false,"footnotes":""},"categories":[101,2],"tags":[197,696,33,19],"class_list":["post-123438","post","type-post","status-publish","format-standard","has-post-thumbnail","hentry","category-interes-general-locales","category-locales","tag-buenos-aires","tag-interes-general","tag-locales","tag-san-pedro"],"aioseo_notices":[],"gutentor_comment":0,"jetpack_featured_media_url":"https:\/\/eldiariodesanpedro.com.ar\/sitio\/wp-content\/uploads\/2023\/10\/Imagen-de-WhatsApp-2023-10-26-a-las-16.45.33_a975b611.jpg","jetpack_shortlink":"https:\/\/wp.me\/p6RhLt-w6W","jetpack_sharing_enabled":true,"_links":{"self":[{"href":"https:\/\/eldiariodesanpedro.com.ar\/sitio\/wp-json\/wp\/v2\/posts\/123438","targetHints":{"allow":["GET"]}}],"collection":[{"href":"https:\/\/eldiariodesanpedro.com.ar\/sitio\/wp-json\/wp\/v2\/posts"}],"about":[{"href":"https:\/\/eldiariodesanpedro.com.ar\/sitio\/wp-json\/wp\/v2\/types\/post"}],"author":[{"embeddable":true,"href":"https:\/\/eldiariodesanpedro.com.ar\/sitio\/wp-json\/wp\/v2\/users\/4"}],"replies":[{"embeddable":true,"href":"https:\/\/eldiariodesanpedro.com.ar\/sitio\/wp-json\/wp\/v2\/comments?post=123438"}],"version-history":[{"count":1,"href":"https:\/\/eldiariodesanpedro.com.ar\/sitio\/wp-json\/wp\/v2\/posts\/123438\/revisions"}],"predecessor-version":[{"id":123440,"href":"https:\/\/eldiariodesanpedro.com.ar\/sitio\/wp-json\/wp\/v2\/posts\/123438\/revisions\/123440"}],"wp:featuredmedia":[{"embeddable":true,"href":"https:\/\/eldiariodesanpedro.com.ar\/sitio\/wp-json\/wp\/v2\/media\/123439"}],"wp:attachment":[{"href":"https:\/\/eldiariodesanpedro.com.ar\/sitio\/wp-json\/wp\/v2\/media?parent=123438"}],"wp:term":[{"taxonomy":"category","embeddable":true,"href":"https:\/\/eldiariodesanpedro.com.ar\/sitio\/wp-json\/wp\/v2\/categories?post=123438"},{"taxonomy":"post_tag","embeddable":true,"href":"https:\/\/eldiariodesanpedro.com.ar\/sitio\/wp-json\/wp\/v2\/tags?post=123438"}],"curies":[{"name":"wp","href":"https:\/\/api.w.org\/{rel}","templated":true}]}}