{"id":123432,"date":"2023-10-27T11:11:34","date_gmt":"2023-10-27T14:11:34","guid":{"rendered":"https:\/\/eldiariodesanpedro.com.ar\/sitio\/?p=123432"},"modified":"2023-10-27T11:11:37","modified_gmt":"2023-10-27T14:11:37","slug":"charla-de-la-secretaria-de-politicas-de-genero-mujeres-y-diversidad-en-la-escuela-secundaria-14","status":"publish","type":"post","link":"https:\/\/eldiariodesanpedro.com.ar\/sitio\/charla-de-la-secretaria-de-politicas-de-genero-mujeres-y-diversidad-en-la-escuela-secundaria-14\/","title":{"rendered":"Charla de la Secretar\u00eda de Pol\u00edticas de G\u00e9nero, Mujeres y Diversidad en la Escuela Secundaria 14"},"content":{"rendered":"<!-- VideographyWP Plugin Message: Automatic video embedding prevented by plugin options. -->\n\n<p>Este mi\u00e9rcoles, profesionales de la Secretar\u00eda de Pol\u00edticas de G\u00e9nero, Mujeres y Diversidad de la Municipalidad de San Pedro, en conjunto con la titular de la Comisar\u00eda de la Mujer y la Familia, Oficial Principal Mariana Aguila, y la activista trans Alexa Pettone, brindaron una charla en el turno tarde la Escuela Secundaria 14.<\/p>\n\n\n\n<p>Durante el encuentro, se abordaron los distintos tipos de violencias por razones de g\u00e9nero; nuevas masculinidades y formas de vincularse; grooming; y los alcances de la Ley de Identidad de G\u00e9nero.<\/p>\n\n\n\n<p>Estuvieron participando del encuentro la coordinadora de la Mesa Local de Atenci\u00f3n y Prevenci\u00f3n de la Violencia de G\u00e9nero y Familiar Nadia Quiroga; las coordinadoras del GAM Natalia Lencina y Sol Tettamanti; el equipo de Masculinidades integrado por Sof\u00eda Gonz\u00e1lez y Gregorio Giansone; y la coordinadora del \u00e1rea de Diversidad de la Secretar\u00eda Marina Fern\u00e1ndez Becerro.<\/p>\n\n\n\n<p>Las charlas en los establecimientos educativos del partido de San Pedro son coordinadas en conjunto con la Jefatura Distrital&nbsp;de&nbsp;Educaci\u00f3n.<\/p>\n","protected":false},"excerpt":{"rendered":"<p>Este mi\u00e9rcoles, profesionales de la Secretar\u00eda de Pol\u00edticas de G\u00e9nero, Mujeres y Diversidad de la Municipalidad de San Pedro, en conjunto con la titular de la Comisar\u00eda de la Mujer y la Familia, Oficial Principal Mariana Aguila, y la activista trans Alexa Pettone, brindaron una charla en el turno tarde la Escuela Secundaria 14. Durante [&hellip;]<\/p>\n","protected":false},"author":4,"featured_media":123434,"comment_status":"closed","ping_status":"closed","sticky":false,"template":"","format":"standard","meta":{"om_disable_all_campaigns":false,"_jetpack_memberships_contains_paid_content":false,"footnotes":""},"categories":[101,2],"tags":[197,696,33,19],"class_list":["post-123432","post","type-post","status-publish","format-standard","has-post-thumbnail","hentry","category-interes-general-locales","category-locales","tag-buenos-aires","tag-interes-general","tag-locales","tag-san-pedro"],"aioseo_notices":[],"gutentor_comment":0,"jetpack_featured_media_url":"https:\/\/eldiariodesanpedro.com.ar\/sitio\/wp-content\/uploads\/2023\/10\/Imagen-de-WhatsApp-2023-10-26-a-las-13.04.28_5724a2a3.jpg","jetpack_shortlink":"https:\/\/wp.me\/p6RhLt-w6Q","jetpack_sharing_enabled":true,"_links":{"self":[{"href":"https:\/\/eldiariodesanpedro.com.ar\/sitio\/wp-json\/wp\/v2\/posts\/123432","targetHints":{"allow":["GET"]}}],"collection":[{"href":"https:\/\/eldiariodesanpedro.com.ar\/sitio\/wp-json\/wp\/v2\/posts"}],"about":[{"href":"https:\/\/eldiariodesanpedro.com.ar\/sitio\/wp-json\/wp\/v2\/types\/post"}],"author":[{"embeddable":true,"href":"https:\/\/eldiariodesanpedro.com.ar\/sitio\/wp-json\/wp\/v2\/users\/4"}],"replies":[{"embeddable":true,"href":"https:\/\/eldiariodesanpedro.com.ar\/sitio\/wp-json\/wp\/v2\/comments?post=123432"}],"version-history":[{"count":1,"href":"https:\/\/eldiariodesanpedro.com.ar\/sitio\/wp-json\/wp\/v2\/posts\/123432\/revisions"}],"predecessor-version":[{"id":123437,"href":"https:\/\/eldiariodesanpedro.com.ar\/sitio\/wp-json\/wp\/v2\/posts\/123432\/revisions\/123437"}],"wp:featuredmedia":[{"embeddable":true,"href":"https:\/\/eldiariodesanpedro.com.ar\/sitio\/wp-json\/wp\/v2\/media\/123434"}],"wp:attachment":[{"href":"https:\/\/eldiariodesanpedro.com.ar\/sitio\/wp-json\/wp\/v2\/media?parent=123432"}],"wp:term":[{"taxonomy":"category","embeddable":true,"href":"https:\/\/eldiariodesanpedro.com.ar\/sitio\/wp-json\/wp\/v2\/categories?post=123432"},{"taxonomy":"post_tag","embeddable":true,"href":"https:\/\/eldiariodesanpedro.com.ar\/sitio\/wp-json\/wp\/v2\/tags?post=123432"}],"curies":[{"name":"wp","href":"https:\/\/api.w.org\/{rel}","templated":true}]}}