{"id":123427,"date":"2023-10-27T10:56:37","date_gmt":"2023-10-27T13:56:37","guid":{"rendered":"https:\/\/eldiariodesanpedro.com.ar\/sitio\/?p=123427"},"modified":"2023-10-27T10:56:39","modified_gmt":"2023-10-27T13:56:39","slug":"aumenta-la-inseguridad-en-el-barrio-el-mirador-del-parana-preocupacion-por-oleada-de-robos","status":"publish","type":"post","link":"https:\/\/eldiariodesanpedro.com.ar\/sitio\/aumenta-la-inseguridad-en-el-barrio-el-mirador-del-parana-preocupacion-por-oleada-de-robos\/","title":{"rendered":"Aumenta la Inseguridad en el Barrio El Mirador del Paran\u00e1: Preocupaci\u00f3n por Oleada de Robos"},"content":{"rendered":"<!-- VideographyWP Plugin Message: Automatic video embedding prevented by plugin options. -->\n\n<p>El barrio El Mirador del Paran\u00e1, ubicado en Boluvard Moreno al 3000, se ha convertido en el epicentro de una creciente ola de robos en los \u00faltimos tiempos, causando preocupaci\u00f3n entre sus residentes. Este barrio, en pleno crecimiento, alberga numerosas casas en construcci\u00f3n y se ha visto afectado por una serie de robos que van desde el desvalijamiento de viviendas hasta el hurto de plantas de los patios.<\/p>\n\n\n\n<p>Seg\u00fan testimonios de los vecinos del lugar, los robos contin\u00faan sin cesar. Se han reportado casos que van desde el saqueo de una vivienda completa hasta el robo de plantines de los patios de las casas.<\/p>\n\n\n\n<p>En un incidente reciente, uno de los vecinos decidi\u00f3 tomar medidas para proteger su propiedad y coloc\u00f3 c\u00e1maras de seguridad con la intenci\u00f3n de monitorear la zona. Fue gracias a este sistema de seguridad que se logr\u00f3 captar el momento en que un delincuente sustra\u00eda varias plantas del patio de una vivienda, lo que ha generado inquietud en la comunidad.<\/p>\n\n\n\n<p>Este no es el primer robo que ocurre en esta vivienda, ya que el pasado lunes, otro delincuente habr\u00eda ingresado por el patio.<\/p>\n\n\n\n<p>Los vecinos han declarado que, de las seis casas actualmente habitadas en el barrio, al menos cinco han sido v\u00edctimas de robos. Uno de estos incidentes incluy\u00f3 el saqueo de muebles, electrodom\u00e9sticos, ropa y otros objetos de valor.<\/p>\n","protected":false},"excerpt":{"rendered":"<p>El barrio El Mirador del Paran\u00e1, ubicado en Boluvard Moreno al 3000, se ha convertido en el epicentro de una creciente ola de robos en los \u00faltimos tiempos, causando preocupaci\u00f3n entre sus residentes. Este barrio, en pleno crecimiento, alberga numerosas casas en construcci\u00f3n y se ha visto afectado por una serie de robos que van [&hellip;]<\/p>\n","protected":false},"author":4,"featured_media":123428,"comment_status":"closed","ping_status":"closed","sticky":false,"template":"","format":"standard","meta":{"om_disable_all_campaigns":false,"_jetpack_memberships_contains_paid_content":false,"footnotes":""},"categories":[101,2],"tags":[197,696,33,19],"class_list":["post-123427","post","type-post","status-publish","format-standard","has-post-thumbnail","hentry","category-interes-general-locales","category-locales","tag-buenos-aires","tag-interes-general","tag-locales","tag-san-pedro"],"aioseo_notices":[],"gutentor_comment":0,"jetpack_featured_media_url":"https:\/\/eldiariodesanpedro.com.ar\/sitio\/wp-content\/uploads\/2023\/10\/1.png","jetpack_shortlink":"https:\/\/wp.me\/p6RhLt-w6L","jetpack_sharing_enabled":true,"_links":{"self":[{"href":"https:\/\/eldiariodesanpedro.com.ar\/sitio\/wp-json\/wp\/v2\/posts\/123427","targetHints":{"allow":["GET"]}}],"collection":[{"href":"https:\/\/eldiariodesanpedro.com.ar\/sitio\/wp-json\/wp\/v2\/posts"}],"about":[{"href":"https:\/\/eldiariodesanpedro.com.ar\/sitio\/wp-json\/wp\/v2\/types\/post"}],"author":[{"embeddable":true,"href":"https:\/\/eldiariodesanpedro.com.ar\/sitio\/wp-json\/wp\/v2\/users\/4"}],"replies":[{"embeddable":true,"href":"https:\/\/eldiariodesanpedro.com.ar\/sitio\/wp-json\/wp\/v2\/comments?post=123427"}],"version-history":[{"count":1,"href":"https:\/\/eldiariodesanpedro.com.ar\/sitio\/wp-json\/wp\/v2\/posts\/123427\/revisions"}],"predecessor-version":[{"id":123429,"href":"https:\/\/eldiariodesanpedro.com.ar\/sitio\/wp-json\/wp\/v2\/posts\/123427\/revisions\/123429"}],"wp:featuredmedia":[{"embeddable":true,"href":"https:\/\/eldiariodesanpedro.com.ar\/sitio\/wp-json\/wp\/v2\/media\/123428"}],"wp:attachment":[{"href":"https:\/\/eldiariodesanpedro.com.ar\/sitio\/wp-json\/wp\/v2\/media?parent=123427"}],"wp:term":[{"taxonomy":"category","embeddable":true,"href":"https:\/\/eldiariodesanpedro.com.ar\/sitio\/wp-json\/wp\/v2\/categories?post=123427"},{"taxonomy":"post_tag","embeddable":true,"href":"https:\/\/eldiariodesanpedro.com.ar\/sitio\/wp-json\/wp\/v2\/tags?post=123427"}],"curies":[{"name":"wp","href":"https:\/\/api.w.org\/{rel}","templated":true}]}}