{"id":123424,"date":"2023-10-26T11:02:50","date_gmt":"2023-10-26T14:02:50","guid":{"rendered":"https:\/\/eldiariodesanpedro.com.ar\/sitio\/?p=123424"},"modified":"2023-10-26T11:02:52","modified_gmt":"2023-10-26T14:02:52","slug":"capturan-a-homicida-profugo-durante-una-decada-en-operativo-sorpresa","status":"publish","type":"post","link":"https:\/\/eldiariodesanpedro.com.ar\/sitio\/capturan-a-homicida-profugo-durante-una-decada-en-operativo-sorpresa\/","title":{"rendered":"Capturan a homicida pr\u00f3fugo durante una d\u00e9cada en operativo sorpresa"},"content":{"rendered":"<!-- VideographyWP Plugin Message: Automatic video embedding prevented by plugin options. -->\n\n<p>En un operativo planificado por el personal de la Divisi\u00f3n de Investigaciones (DDI) San Pedro &#8211; Baradero, se logra la captura de Carlos Agust\u00edn Bedetti, un individuo de 27 a\u00f1os que hab\u00eda estado pr\u00f3fugo de la justicia desde hace diez a\u00f1os. La aprehensi\u00f3n tuvo lugar en la tarde del mi\u00e9rcoles, marcando un giro en la b\u00fasqueda de este homicida que se hab\u00eda escapado de un instituto de menores en 2013.<\/p>\n\n\n\n<p>Carlos Bedetti se encontraba en condici\u00f3n de pr\u00f3fugo debido a su implicaci\u00f3n en el asesinato de Diego Armando Campod\u00f3nico, un suceso que tuvo lugar el 19 de marzo de 2013. En ese entonces, Bedetti se entreg\u00f3 a las autoridades, pero escap\u00f3 de la instituci\u00f3n de menores donde hab\u00eda sido alojado poco despu\u00e9s.<\/p>\n\n\n\n<p>El arresto de Bedetti tuvo lugar alrededor de las 16 horas del mi\u00e9rcoles, mientras se desplazaba en su motocicleta hacia la plazoleta ubicada en Bv. Paran\u00e1 y Romulo Naon.<\/p>\n\n\n\n<p>El operativo se llev\u00f3 a cabo a trav\u00e9s de la creaci\u00f3n de una cuenta de Facebook falsa que logr\u00f3 ubicar y atraer al pr\u00f3fugo. Cuando Bedetti lleg\u00f3 al lugar acordado, fue abordado por los agentes de polic\u00eda que hab\u00edan estado esperando en secreto. R\u00e1pidamente, lo interceptaron y procedieron a su detenci\u00f3n.<\/p>\n\n\n\n<p>Despu\u00e9s de completar los tr\u00e1mites legales correspondientes, Carlos Bedetti fue trasladado y alojado en la sede de la DDI San Nicol\u00e1s. Ahora, ser\u00e1 la fiscal\u00eda quien determine su futuro judicial y las acciones a seguir en este caso que ha mantenido en vilo a la comunidad durante una d\u00e9cada.<\/p>\n","protected":false},"excerpt":{"rendered":"<p>En un operativo planificado por el personal de la Divisi\u00f3n de Investigaciones (DDI) San Pedro &#8211; Baradero, se logra la captura de Carlos Agust\u00edn Bedetti, un individuo de 27 a\u00f1os que hab\u00eda estado pr\u00f3fugo de la justicia desde hace diez a\u00f1os. La aprehensi\u00f3n tuvo lugar en la tarde del mi\u00e9rcoles, marcando un giro en la [&hellip;]<\/p>\n","protected":false},"author":4,"featured_media":123425,"comment_status":"closed","ping_status":"closed","sticky":false,"template":"","format":"standard","meta":{"om_disable_all_campaigns":false,"_jetpack_memberships_contains_paid_content":false,"footnotes":""},"categories":[50,101,2],"tags":[197,696,33,19],"class_list":["post-123424","post","type-post","status-publish","format-standard","has-post-thumbnail","hentry","category-destacadas","category-interes-general-locales","category-locales","tag-buenos-aires","tag-interes-general","tag-locales","tag-san-pedro"],"aioseo_notices":[],"gutentor_comment":0,"jetpack_featured_media_url":"https:\/\/eldiariodesanpedro.com.ar\/sitio\/wp-content\/uploads\/2023\/10\/0000022285-resized-1920x1080-1.jpg","jetpack_shortlink":"https:\/\/wp.me\/p6RhLt-w6I","jetpack_sharing_enabled":true,"_links":{"self":[{"href":"https:\/\/eldiariodesanpedro.com.ar\/sitio\/wp-json\/wp\/v2\/posts\/123424","targetHints":{"allow":["GET"]}}],"collection":[{"href":"https:\/\/eldiariodesanpedro.com.ar\/sitio\/wp-json\/wp\/v2\/posts"}],"about":[{"href":"https:\/\/eldiariodesanpedro.com.ar\/sitio\/wp-json\/wp\/v2\/types\/post"}],"author":[{"embeddable":true,"href":"https:\/\/eldiariodesanpedro.com.ar\/sitio\/wp-json\/wp\/v2\/users\/4"}],"replies":[{"embeddable":true,"href":"https:\/\/eldiariodesanpedro.com.ar\/sitio\/wp-json\/wp\/v2\/comments?post=123424"}],"version-history":[{"count":1,"href":"https:\/\/eldiariodesanpedro.com.ar\/sitio\/wp-json\/wp\/v2\/posts\/123424\/revisions"}],"predecessor-version":[{"id":123426,"href":"https:\/\/eldiariodesanpedro.com.ar\/sitio\/wp-json\/wp\/v2\/posts\/123424\/revisions\/123426"}],"wp:featuredmedia":[{"embeddable":true,"href":"https:\/\/eldiariodesanpedro.com.ar\/sitio\/wp-json\/wp\/v2\/media\/123425"}],"wp:attachment":[{"href":"https:\/\/eldiariodesanpedro.com.ar\/sitio\/wp-json\/wp\/v2\/media?parent=123424"}],"wp:term":[{"taxonomy":"category","embeddable":true,"href":"https:\/\/eldiariodesanpedro.com.ar\/sitio\/wp-json\/wp\/v2\/categories?post=123424"},{"taxonomy":"post_tag","embeddable":true,"href":"https:\/\/eldiariodesanpedro.com.ar\/sitio\/wp-json\/wp\/v2\/tags?post=123424"}],"curies":[{"name":"wp","href":"https:\/\/api.w.org\/{rel}","templated":true}]}}