{"id":123421,"date":"2023-10-26T10:54:45","date_gmt":"2023-10-26T13:54:45","guid":{"rendered":"https:\/\/eldiariodesanpedro.com.ar\/sitio\/?p=123421"},"modified":"2023-10-26T10:54:47","modified_gmt":"2023-10-26T13:54:47","slug":"liberan-al-policia-juan-reynoso-por-falta-de-merito-en-caso-de-fraude-a-la-administracion-publica","status":"publish","type":"post","link":"https:\/\/eldiariodesanpedro.com.ar\/sitio\/liberan-al-policia-juan-reynoso-por-falta-de-merito-en-caso-de-fraude-a-la-administracion-publica\/","title":{"rendered":"Liberan al Polic\u00eda Juan Reynoso por Falta de M\u00e9rito en Caso de Fraude a la Administraci\u00f3n P\u00fablica"},"content":{"rendered":"<!-- VideographyWP Plugin Message: Automatic video embedding prevented by plugin options. -->\n\n<p>En un giro en el caso que ha mantenido en vilo a la comunidad de Santa Luc\u00eda desde mediados de septiembre, el fiscal Patricio Mujica D\u00edaz ha decidido solicitar la falta de m\u00e9rito y la liberaci\u00f3n oficial de polic\u00eda Juan Reynoso. Reynoso hab\u00eda sido detenido bajo la acusaci\u00f3n de formar parte de una banda de polic\u00edas involucrados en un presunto fraude a la administraci\u00f3n p\u00fablica.<\/p>\n\n\n\n<p>La decisi\u00f3n de liberar a Juan Reynoso se produce en un momento en el que se alcanzaban los plazos previstos para solicitar la prisi\u00f3n preventiva de todos los acusados. Juan Reynoso, un veterano con una  carrera en las fuerzas de seguridad y que actualmente desempe\u00f1aba sus funciones en la Comunal de Baradero, fue arrestado en septiembre pasado tras las alegaciones de participaci\u00f3n en la mencionada banda de polic\u00edas acusados de defraudar a la administraci\u00f3n p\u00fablica.<\/p>\n\n\n\n<p>El fiscal Patricio Mujica D\u00edaz explic\u00f3 su decisi\u00f3n de solicitar la libertad de Reynoso, afirmando: \u00abHe pedido su liberaci\u00f3n, ya que no considero necesario solicitar la prisi\u00f3n preventiva, a pesar de que la causa contin\u00faa en su contra, as\u00ed como contra otros individuos implicados\u00bb.<\/p>\n\n\n\n<p>Al mismo tiempo, el fiscal resolver\u00e1 la situaci\u00f3n judicial de los dem\u00e1s polic\u00edas implicados en el caso. Algunos de ellos podr\u00edan recuperar su libertad, mientras que otros enfrentar\u00e1n un proceso legal hasta el d\u00eda del juicio.<\/p>\n","protected":false},"excerpt":{"rendered":"<p>En un giro en el caso que ha mantenido en vilo a la comunidad de Santa Luc\u00eda desde mediados de septiembre, el fiscal Patricio Mujica D\u00edaz ha decidido solicitar la falta de m\u00e9rito y la liberaci\u00f3n oficial de polic\u00eda Juan Reynoso. Reynoso hab\u00eda sido detenido bajo la acusaci\u00f3n de formar parte de una banda de [&hellip;]<\/p>\n","protected":false},"author":4,"featured_media":123422,"comment_status":"closed","ping_status":"closed","sticky":false,"template":"","format":"standard","meta":{"om_disable_all_campaigns":false,"_jetpack_memberships_contains_paid_content":false,"footnotes":""},"categories":[50,101,2],"tags":[197,696,33,19],"class_list":["post-123421","post","type-post","status-publish","format-standard","has-post-thumbnail","hentry","category-destacadas","category-interes-general-locales","category-locales","tag-buenos-aires","tag-interes-general","tag-locales","tag-san-pedro"],"aioseo_notices":[],"gutentor_comment":0,"jetpack_featured_media_url":"https:\/\/eldiariodesanpedro.com.ar\/sitio\/wp-content\/uploads\/2023\/10\/0000022287-resized-1920x1080-1.jpg","jetpack_shortlink":"https:\/\/wp.me\/p6RhLt-w6F","jetpack_sharing_enabled":true,"_links":{"self":[{"href":"https:\/\/eldiariodesanpedro.com.ar\/sitio\/wp-json\/wp\/v2\/posts\/123421","targetHints":{"allow":["GET"]}}],"collection":[{"href":"https:\/\/eldiariodesanpedro.com.ar\/sitio\/wp-json\/wp\/v2\/posts"}],"about":[{"href":"https:\/\/eldiariodesanpedro.com.ar\/sitio\/wp-json\/wp\/v2\/types\/post"}],"author":[{"embeddable":true,"href":"https:\/\/eldiariodesanpedro.com.ar\/sitio\/wp-json\/wp\/v2\/users\/4"}],"replies":[{"embeddable":true,"href":"https:\/\/eldiariodesanpedro.com.ar\/sitio\/wp-json\/wp\/v2\/comments?post=123421"}],"version-history":[{"count":1,"href":"https:\/\/eldiariodesanpedro.com.ar\/sitio\/wp-json\/wp\/v2\/posts\/123421\/revisions"}],"predecessor-version":[{"id":123423,"href":"https:\/\/eldiariodesanpedro.com.ar\/sitio\/wp-json\/wp\/v2\/posts\/123421\/revisions\/123423"}],"wp:featuredmedia":[{"embeddable":true,"href":"https:\/\/eldiariodesanpedro.com.ar\/sitio\/wp-json\/wp\/v2\/media\/123422"}],"wp:attachment":[{"href":"https:\/\/eldiariodesanpedro.com.ar\/sitio\/wp-json\/wp\/v2\/media?parent=123421"}],"wp:term":[{"taxonomy":"category","embeddable":true,"href":"https:\/\/eldiariodesanpedro.com.ar\/sitio\/wp-json\/wp\/v2\/categories?post=123421"},{"taxonomy":"post_tag","embeddable":true,"href":"https:\/\/eldiariodesanpedro.com.ar\/sitio\/wp-json\/wp\/v2\/tags?post=123421"}],"curies":[{"name":"wp","href":"https:\/\/api.w.org\/{rel}","templated":true}]}}