{"id":12342,"date":"2017-01-06T17:02:58","date_gmt":"2017-01-06T20:02:58","guid":{"rendered":"https:\/\/eldiariodesanpedro.com.ar\/sitio\/?p=12342"},"modified":"2017-01-06T17:02:58","modified_gmt":"2017-01-06T20:02:58","slug":"los-reyes-pasaron-por-san-pedro","status":"publish","type":"post","link":"https:\/\/eldiariodesanpedro.com.ar\/sitio\/los-reyes-pasaron-por-san-pedro\/","title":{"rendered":"Los Reyes pasaron por San Pedro"},"content":{"rendered":"<p><!-- VideographyWP Plugin Message: Automatic video embedding prevented by plugin options. --><br \/>\nInvitados por el Intendente recorrieron diferentes barrios de la ciudad.<\/p>\n<p>Organizado por la Secretar\u00eda Privada y de Prensa y por la Direcci\u00f3n de Comisiones de Fomento, el jueves los Reyes Magos estuvieron en Bajo Tala, La Tosquera y el centro de la ciudad.<\/p>\n<p>Este viernes continuaban su recorrida por distintos barrios despu\u00e9s de haber estado por la ma\u00f1ana en el Estadio donde saludaron a los ni\u00f1os que participan de las Escuelas de Verano y la Colonia Municipal.  <\/p>\n","protected":false},"excerpt":{"rendered":"<p>Invitados por el Intendente recorrieron diferentes barrios de la ciudad. Organizado por la Secretar\u00eda Privada y de Prensa y por la Direcci\u00f3n de Comisiones de Fomento, el jueves los Reyes Magos estuvieron en Bajo Tala, La Tosquera y el centro de la ciudad. Este viernes continuaban su recorrida por distintos barrios despu\u00e9s de haber estado [&hellip;]<\/p>\n","protected":false},"author":4,"featured_media":12343,"comment_status":"open","ping_status":"closed","sticky":false,"template":"","format":"standard","meta":{"om_disable_all_campaigns":false,"_jetpack_memberships_contains_paid_content":false,"footnotes":""},"categories":[50,101,2],"tags":[],"class_list":["post-12342","post","type-post","status-publish","format-standard","has-post-thumbnail","hentry","category-destacadas","category-interes-general-locales","category-locales"],"aioseo_notices":[],"gutentor_comment":0,"jetpack_featured_media_url":"https:\/\/eldiariodesanpedro.com.ar\/sitio\/wp-content\/uploads\/2017\/01\/Reyes.jpg","jetpack_shortlink":"https:\/\/wp.me\/p6RhLt-3d4","jetpack_sharing_enabled":true,"_links":{"self":[{"href":"https:\/\/eldiariodesanpedro.com.ar\/sitio\/wp-json\/wp\/v2\/posts\/12342","targetHints":{"allow":["GET"]}}],"collection":[{"href":"https:\/\/eldiariodesanpedro.com.ar\/sitio\/wp-json\/wp\/v2\/posts"}],"about":[{"href":"https:\/\/eldiariodesanpedro.com.ar\/sitio\/wp-json\/wp\/v2\/types\/post"}],"author":[{"embeddable":true,"href":"https:\/\/eldiariodesanpedro.com.ar\/sitio\/wp-json\/wp\/v2\/users\/4"}],"replies":[{"embeddable":true,"href":"https:\/\/eldiariodesanpedro.com.ar\/sitio\/wp-json\/wp\/v2\/comments?post=12342"}],"version-history":[{"count":1,"href":"https:\/\/eldiariodesanpedro.com.ar\/sitio\/wp-json\/wp\/v2\/posts\/12342\/revisions"}],"predecessor-version":[{"id":12344,"href":"https:\/\/eldiariodesanpedro.com.ar\/sitio\/wp-json\/wp\/v2\/posts\/12342\/revisions\/12344"}],"wp:featuredmedia":[{"embeddable":true,"href":"https:\/\/eldiariodesanpedro.com.ar\/sitio\/wp-json\/wp\/v2\/media\/12343"}],"wp:attachment":[{"href":"https:\/\/eldiariodesanpedro.com.ar\/sitio\/wp-json\/wp\/v2\/media?parent=12342"}],"wp:term":[{"taxonomy":"category","embeddable":true,"href":"https:\/\/eldiariodesanpedro.com.ar\/sitio\/wp-json\/wp\/v2\/categories?post=12342"},{"taxonomy":"post_tag","embeddable":true,"href":"https:\/\/eldiariodesanpedro.com.ar\/sitio\/wp-json\/wp\/v2\/tags?post=12342"}],"curies":[{"name":"wp","href":"https:\/\/api.w.org\/{rel}","templated":true}]}}