{"id":123417,"date":"2023-10-26T10:45:14","date_gmt":"2023-10-26T13:45:14","guid":{"rendered":"https:\/\/eldiariodesanpedro.com.ar\/sitio\/?p=123417"},"modified":"2023-10-26T10:45:17","modified_gmt":"2023-10-26T13:45:17","slug":"obtencion-de-registros-provinciales-para-eventos-masivos","status":"publish","type":"post","link":"https:\/\/eldiariodesanpedro.com.ar\/sitio\/obtencion-de-registros-provinciales-para-eventos-masivos\/","title":{"rendered":"Obtenci\u00f3n de Registros Provinciales para Eventos Masivos"},"content":{"rendered":"<!-- VideographyWP Plugin Message: Automatic video embedding prevented by plugin options. -->\n\n<p>La Municipalidad de San Pedro informa que, ante la proximidad de eventos de concurrencia masiva, tales como bailes de egresados, fiestas de Navidad y de fin de a\u00f1o, es obligatorio solicitar el permiso de REBA eventual para la comercializaci\u00f3n de bebidas alcoh\u00f3licas durante dichos encuentros.<\/p>\n\n\n\n<p>Por disposici\u00f3n del Organismo Provincial, este permiso debe ser solicitado con un m\u00ednimo de 72 horas de antelaci\u00f3n al evento, sin excepci\u00f3n, en la oficina de Comercio de la Direcci\u00f3n de Rentas. El plazo se establece para garantizar la debida gesti\u00f3n de la autorizaci\u00f3n ante el \u00f3rgano de contralor con sede en la Ciudad de La Plata.<\/p>\n\n\n\n<p>A continuaci\u00f3n, se detallan los requisitos y documentaci\u00f3n que el Organismo Provincial solicita y que deben ser adjuntados al pedido:<\/p>\n\n\n\n<p>Requisitos:<br>*Solicitud modelo: Completa y firmada por el titular.<br>*Habilitaci\u00f3n municipal.<br>*DNI del titular (Si es unipersonal).<br>*Estatuto, designaci\u00f3n de autoridades vigente y copia de DNI del presidente o socio gerente, en caso de personas jur\u00eddicas.<br>*Certificado antisiniestral de bomberos vigente, car\u00e1tula del expediente y factor ocupacional emitido por bomberos.<br>*Planos electromec\u00e1nicos.<br>*Planos de obra.<br>*Protocolo de Seguridad.<\/p>\n\n\n\n<p>El evento debe contar con al menos:<br>A) Factor ocupacional por el cual fue habilitado.<br>B) Cantidad de trabajadores de control de admisi\u00f3n y permanencia, de acuerdo a lo establecido en las leyes 26.370 y 13.964.<br>C) Personal de polic\u00eda adicional a fin de preservar la seguridad de las inmediaciones del establecimiento.<br>D) Cualquier otro dato que se considere relevante para la seguridad del evento.<\/p>\n\n\n\n<p>Desde la Municipalidad de San Pedro se solicita a todo aquel que tenga intenciones de organizar eventos masivos, cumplir con estos requisitos y a respetar los plazos establecidos para la obtenci\u00f3n de los registros provinciales. Esto contribuir\u00e1 a la seguridad y bienestar de todos los asistentes.<\/p>\n\n\n\n<p>Para obtener m\u00e1s informaci\u00f3n y asistencia en el proceso, pueden contactar con la Direcci\u00f3n de Rentas en las oficinas de Pellegrini 150 de lunes a viernes de 8 a 14 horas, por correo electr\u00f3nico a: <a href=\"mailto:atencionalcontribuyente@sanpedro.gob.ar\">atencionalcontribuyente@sanpedro.gob.ar<\/a> o por WhatsApp\u00a0al\u00a03329-641517.<\/p>\n\n\n\n<figure class=\"wp-block-image size-full\"><img decoding=\"async\" width=\"630\" height=\"630\" data-attachment-id=\"123418\" data-permalink=\"https:\/\/eldiariodesanpedro.com.ar\/sitio\/obtencion-de-registros-provinciales-para-eventos-masivos\/imagen-de-whatsapp-2023-10-26-a-las-10-00-07_b35a09ae\/\" data-orig-file=\"https:\/\/eldiariodesanpedro.com.ar\/sitio\/wp-content\/uploads\/2023\/10\/Imagen-de-WhatsApp-2023-10-26-a-las-10.00.07_b35a09ae.jpg\" data-orig-size=\"630,630\" data-comments-opened=\"0\" data-image-meta=\"{&quot;aperture&quot;:&quot;0&quot;,&quot;credit&quot;:&quot;&quot;,&quot;camera&quot;:&quot;&quot;,&quot;caption&quot;:&quot;&quot;,&quot;created_timestamp&quot;:&quot;0&quot;,&quot;copyright&quot;:&quot;&quot;,&quot;focal_length&quot;:&quot;0&quot;,&quot;iso&quot;:&quot;0&quot;,&quot;shutter_speed&quot;:&quot;0&quot;,&quot;title&quot;:&quot;&quot;,&quot;orientation&quot;:&quot;0&quot;}\" data-image-title=\"Imagen de WhatsApp 2023-10-26 a las 10.00.07_b35a09ae\" data-image-description=\"\" data-image-caption=\"\" data-large-file=\"https:\/\/eldiariodesanpedro.com.ar\/sitio\/wp-content\/uploads\/2023\/10\/Imagen-de-WhatsApp-2023-10-26-a-las-10.00.07_b35a09ae.jpg\" data-src=\"https:\/\/eldiariodesanpedro.com.ar\/sitio\/wp-content\/uploads\/2023\/10\/Imagen-de-WhatsApp-2023-10-26-a-las-10.00.07_b35a09ae.jpg\" alt=\"\" class=\"wp-image-123418 lazyload\" data-srcset=\"https:\/\/eldiariodesanpedro.com.ar\/sitio\/wp-content\/uploads\/2023\/10\/Imagen-de-WhatsApp-2023-10-26-a-las-10.00.07_b35a09ae.jpg 630w, https:\/\/eldiariodesanpedro.com.ar\/sitio\/wp-content\/uploads\/2023\/10\/Imagen-de-WhatsApp-2023-10-26-a-las-10.00.07_b35a09ae-300x300.jpg 300w, https:\/\/eldiariodesanpedro.com.ar\/sitio\/wp-content\/uploads\/2023\/10\/Imagen-de-WhatsApp-2023-10-26-a-las-10.00.07_b35a09ae-150x150.jpg 150w\" data-sizes=\"(max-width: 630px) 100vw, 630px\" src=\"data:image\/svg+xml;base64,PHN2ZyB3aWR0aD0iMSIgaGVpZ2h0PSIxIiB4bWxucz0iaHR0cDovL3d3dy53My5vcmcvMjAwMC9zdmciPjwvc3ZnPg==\" style=\"--smush-placeholder-width: 630px; --smush-placeholder-aspect-ratio: 630\/630;\" \/><\/figure>\n\n\n\n<figure class=\"wp-block-image size-full\"><img decoding=\"async\" width=\"630\" height=\"630\" data-attachment-id=\"123419\" data-permalink=\"https:\/\/eldiariodesanpedro.com.ar\/sitio\/obtencion-de-registros-provinciales-para-eventos-masivos\/imagen-de-whatsapp-2023-10-26-a-las-10-00-07_eb9a99bd\/\" data-orig-file=\"https:\/\/eldiariodesanpedro.com.ar\/sitio\/wp-content\/uploads\/2023\/10\/Imagen-de-WhatsApp-2023-10-26-a-las-10.00.07_eb9a99bd.jpg\" data-orig-size=\"630,630\" data-comments-opened=\"0\" data-image-meta=\"{&quot;aperture&quot;:&quot;0&quot;,&quot;credit&quot;:&quot;&quot;,&quot;camera&quot;:&quot;&quot;,&quot;caption&quot;:&quot;&quot;,&quot;created_timestamp&quot;:&quot;0&quot;,&quot;copyright&quot;:&quot;&quot;,&quot;focal_length&quot;:&quot;0&quot;,&quot;iso&quot;:&quot;0&quot;,&quot;shutter_speed&quot;:&quot;0&quot;,&quot;title&quot;:&quot;&quot;,&quot;orientation&quot;:&quot;0&quot;}\" data-image-title=\"Imagen de WhatsApp 2023-10-26 a las 10.00.07_eb9a99bd\" data-image-description=\"\" data-image-caption=\"\" data-large-file=\"https:\/\/eldiariodesanpedro.com.ar\/sitio\/wp-content\/uploads\/2023\/10\/Imagen-de-WhatsApp-2023-10-26-a-las-10.00.07_eb9a99bd.jpg\" data-src=\"https:\/\/eldiariodesanpedro.com.ar\/sitio\/wp-content\/uploads\/2023\/10\/Imagen-de-WhatsApp-2023-10-26-a-las-10.00.07_eb9a99bd.jpg\" alt=\"\" class=\"wp-image-123419 lazyload\" data-srcset=\"https:\/\/eldiariodesanpedro.com.ar\/sitio\/wp-content\/uploads\/2023\/10\/Imagen-de-WhatsApp-2023-10-26-a-las-10.00.07_eb9a99bd.jpg 630w, https:\/\/eldiariodesanpedro.com.ar\/sitio\/wp-content\/uploads\/2023\/10\/Imagen-de-WhatsApp-2023-10-26-a-las-10.00.07_eb9a99bd-300x300.jpg 300w, https:\/\/eldiariodesanpedro.com.ar\/sitio\/wp-content\/uploads\/2023\/10\/Imagen-de-WhatsApp-2023-10-26-a-las-10.00.07_eb9a99bd-150x150.jpg 150w\" data-sizes=\"(max-width: 630px) 100vw, 630px\" src=\"data:image\/svg+xml;base64,PHN2ZyB3aWR0aD0iMSIgaGVpZ2h0PSIxIiB4bWxucz0iaHR0cDovL3d3dy53My5vcmcvMjAwMC9zdmciPjwvc3ZnPg==\" style=\"--smush-placeholder-width: 630px; --smush-placeholder-aspect-ratio: 630\/630;\" \/><\/figure>\n","protected":false},"excerpt":{"rendered":"<p>La Municipalidad de San Pedro informa que, ante la proximidad de eventos de concurrencia masiva, tales como bailes de egresados, fiestas de Navidad y de fin de a\u00f1o, es obligatorio solicitar el permiso de REBA eventual para la comercializaci\u00f3n de bebidas alcoh\u00f3licas durante dichos encuentros. Por disposici\u00f3n del Organismo Provincial, este permiso debe ser solicitado [&hellip;]<\/p>\n","protected":false},"author":4,"featured_media":11048,"comment_status":"closed","ping_status":"closed","sticky":false,"template":"","format":"standard","meta":{"om_disable_all_campaigns":false,"_jetpack_memberships_contains_paid_content":false,"footnotes":""},"categories":[101,2],"tags":[],"class_list":["post-123417","post","type-post","status-publish","format-standard","has-post-thumbnail","hentry","category-interes-general-locales","category-locales"],"aioseo_notices":[],"gutentor_comment":0,"jetpack_featured_media_url":"https:\/\/eldiariodesanpedro.com.ar\/sitio\/wp-content\/uploads\/2016\/12\/La-fiesta-La-Barkasa.jpg","jetpack_shortlink":"https:\/\/wp.me\/p6RhLt-w6B","jetpack_sharing_enabled":true,"_links":{"self":[{"href":"https:\/\/eldiariodesanpedro.com.ar\/sitio\/wp-json\/wp\/v2\/posts\/123417","targetHints":{"allow":["GET"]}}],"collection":[{"href":"https:\/\/eldiariodesanpedro.com.ar\/sitio\/wp-json\/wp\/v2\/posts"}],"about":[{"href":"https:\/\/eldiariodesanpedro.com.ar\/sitio\/wp-json\/wp\/v2\/types\/post"}],"author":[{"embeddable":true,"href":"https:\/\/eldiariodesanpedro.com.ar\/sitio\/wp-json\/wp\/v2\/users\/4"}],"replies":[{"embeddable":true,"href":"https:\/\/eldiariodesanpedro.com.ar\/sitio\/wp-json\/wp\/v2\/comments?post=123417"}],"version-history":[{"count":1,"href":"https:\/\/eldiariodesanpedro.com.ar\/sitio\/wp-json\/wp\/v2\/posts\/123417\/revisions"}],"predecessor-version":[{"id":123420,"href":"https:\/\/eldiariodesanpedro.com.ar\/sitio\/wp-json\/wp\/v2\/posts\/123417\/revisions\/123420"}],"wp:featuredmedia":[{"embeddable":true,"href":"https:\/\/eldiariodesanpedro.com.ar\/sitio\/wp-json\/wp\/v2\/media\/11048"}],"wp:attachment":[{"href":"https:\/\/eldiariodesanpedro.com.ar\/sitio\/wp-json\/wp\/v2\/media?parent=123417"}],"wp:term":[{"taxonomy":"category","embeddable":true,"href":"https:\/\/eldiariodesanpedro.com.ar\/sitio\/wp-json\/wp\/v2\/categories?post=123417"},{"taxonomy":"post_tag","embeddable":true,"href":"https:\/\/eldiariodesanpedro.com.ar\/sitio\/wp-json\/wp\/v2\/tags?post=123417"}],"curies":[{"name":"wp","href":"https:\/\/api.w.org\/{rel}","templated":true}]}}