{"id":123408,"date":"2023-10-26T10:32:54","date_gmt":"2023-10-26T13:32:54","guid":{"rendered":"https:\/\/eldiariodesanpedro.com.ar\/sitio\/?p=123408"},"modified":"2023-10-26T10:32:57","modified_gmt":"2023-10-26T13:32:57","slug":"cecilio-salazar-en-una-reunion-que-une-fuerzas-para-consagrar-a-sergio-massa-como-el-proximo-presidente","status":"publish","type":"post","link":"https:\/\/eldiariodesanpedro.com.ar\/sitio\/cecilio-salazar-en-una-reunion-que-une-fuerzas-para-consagrar-a-sergio-massa-como-el-proximo-presidente\/","title":{"rendered":"Cecilio Salazar en una reuni\u00f3n que une fuerzas para consagrar a Sergio Massa como el pr\u00f3ximo presidente"},"content":{"rendered":"<!-- VideographyWP Plugin Message: Automatic video embedding prevented by plugin options. -->\n\n<p>Tras la contundente victoria del gobernador Axel Kicillof, reelecto el domingo pasado por un nuevo per\u00edodo al frente de la Provincia de Buenos Aires y el triunfo de Sergio Massa en las elecciones presidenciales que lo convierte en protagonista del balotaje del 19 de noviembre, se concret\u00f3 hoy una trascendente reuni\u00f3n de intendentes, funcionarios y dirigentes de Uni\u00f3n por la Patria a la que asisti\u00f3 el Intendente Cecilio Salazar.<\/p>\n\n\n\n<p>El encuentro fue convocado para compartir los resultados de los comicios del domingo, felicitar a los intendentes y candidatos que se impusieron en sus distritos y entre ellos, el Intendente Cecilio Salazar fue uno de los que comparti\u00f3 con todos los dirigentes presentes la satisfacci\u00f3n por la victoria conseguida en San Pedro.<\/p>\n\n\n\n<p>En la Casa de Gobierno de la Provincia de Buenos Aires en la ciudad de La Plata, el mensaje compartido por Massa y acompa\u00f1ado por todos los presentes fue: \u201cTenemos que salir a buscar todos los que no nos votaron. Un acuerdo de dirigentes no es sin\u00f3nimo del voto del electorado\u201d.<\/p>\n\n\n\n<p>Desde San Pedro y ratificando una l\u00ednea que se ha mantenido y fortalecido en los \u00faltimos meses con una excelente relaci\u00f3n tanto con el Gobernador como con el Ministro y candidato a Presidente, el jefe comunal anticip\u00f3 el compromiso total de la militancia para trabajar en los d\u00edas que restan hasta el 19 de noviembre para lograr el objetivo que permita desarrollar de manera alineada y planificada todos los proyectos a nivel nacional, provincial\u00a0y\u00a0local.<\/p>\n\n\n\n<figure class=\"wp-block-image size-full\"><img decoding=\"async\" width=\"946\" height=\"630\" data-attachment-id=\"123410\" data-permalink=\"https:\/\/eldiariodesanpedro.com.ar\/sitio\/cecilio-salazar-en-una-reunion-que-une-fuerzas-para-consagrar-a-sergio-massa-como-el-proximo-presidente\/imagen-de-whatsapp-2023-10-26-a-las-07-21-55_52cc4092\/\" data-orig-file=\"https:\/\/eldiariodesanpedro.com.ar\/sitio\/wp-content\/uploads\/2023\/10\/Imagen-de-WhatsApp-2023-10-26-a-las-07.21.55_52cc4092.jpg\" data-orig-size=\"946,630\" data-comments-opened=\"0\" data-image-meta=\"{&quot;aperture&quot;:&quot;0&quot;,&quot;credit&quot;:&quot;&quot;,&quot;camera&quot;:&quot;&quot;,&quot;caption&quot;:&quot;&quot;,&quot;created_timestamp&quot;:&quot;0&quot;,&quot;copyright&quot;:&quot;&quot;,&quot;focal_length&quot;:&quot;0&quot;,&quot;iso&quot;:&quot;0&quot;,&quot;shutter_speed&quot;:&quot;0&quot;,&quot;title&quot;:&quot;&quot;,&quot;orientation&quot;:&quot;0&quot;}\" data-image-title=\"Imagen de WhatsApp 2023-10-26 a las 07.21.55_52cc4092\" data-image-description=\"\" data-image-caption=\"\" data-large-file=\"https:\/\/eldiariodesanpedro.com.ar\/sitio\/wp-content\/uploads\/2023\/10\/Imagen-de-WhatsApp-2023-10-26-a-las-07.21.55_52cc4092.jpg\" data-src=\"https:\/\/eldiariodesanpedro.com.ar\/sitio\/wp-content\/uploads\/2023\/10\/Imagen-de-WhatsApp-2023-10-26-a-las-07.21.55_52cc4092.jpg\" alt=\"\" class=\"wp-image-123410 lazyload\" data-srcset=\"https:\/\/eldiariodesanpedro.com.ar\/sitio\/wp-content\/uploads\/2023\/10\/Imagen-de-WhatsApp-2023-10-26-a-las-07.21.55_52cc4092.jpg 946w, https:\/\/eldiariodesanpedro.com.ar\/sitio\/wp-content\/uploads\/2023\/10\/Imagen-de-WhatsApp-2023-10-26-a-las-07.21.55_52cc4092-300x200.jpg 300w, https:\/\/eldiariodesanpedro.com.ar\/sitio\/wp-content\/uploads\/2023\/10\/Imagen-de-WhatsApp-2023-10-26-a-las-07.21.55_52cc4092-768x511.jpg 768w\" data-sizes=\"(max-width: 946px) 100vw, 946px\" src=\"data:image\/svg+xml;base64,PHN2ZyB3aWR0aD0iMSIgaGVpZ2h0PSIxIiB4bWxucz0iaHR0cDovL3d3dy53My5vcmcvMjAwMC9zdmciPjwvc3ZnPg==\" style=\"--smush-placeholder-width: 946px; --smush-placeholder-aspect-ratio: 946\/630;\" \/><\/figure>\n\n\n\n<figure class=\"wp-block-image size-full\"><img decoding=\"async\" width=\"945\" height=\"630\" data-attachment-id=\"123411\" data-permalink=\"https:\/\/eldiariodesanpedro.com.ar\/sitio\/cecilio-salazar-en-una-reunion-que-une-fuerzas-para-consagrar-a-sergio-massa-como-el-proximo-presidente\/imagen-de-whatsapp-2023-10-26-a-las-07-21-56_ba578af7\/\" data-orig-file=\"https:\/\/eldiariodesanpedro.com.ar\/sitio\/wp-content\/uploads\/2023\/10\/Imagen-de-WhatsApp-2023-10-26-a-las-07.21.56_ba578af7.jpg\" data-orig-size=\"945,630\" data-comments-opened=\"0\" data-image-meta=\"{&quot;aperture&quot;:&quot;0&quot;,&quot;credit&quot;:&quot;&quot;,&quot;camera&quot;:&quot;&quot;,&quot;caption&quot;:&quot;&quot;,&quot;created_timestamp&quot;:&quot;0&quot;,&quot;copyright&quot;:&quot;&quot;,&quot;focal_length&quot;:&quot;0&quot;,&quot;iso&quot;:&quot;0&quot;,&quot;shutter_speed&quot;:&quot;0&quot;,&quot;title&quot;:&quot;&quot;,&quot;orientation&quot;:&quot;0&quot;}\" data-image-title=\"Imagen de WhatsApp 2023-10-26 a las 07.21.56_ba578af7\" data-image-description=\"\" data-image-caption=\"\" data-large-file=\"https:\/\/eldiariodesanpedro.com.ar\/sitio\/wp-content\/uploads\/2023\/10\/Imagen-de-WhatsApp-2023-10-26-a-las-07.21.56_ba578af7.jpg\" data-src=\"https:\/\/eldiariodesanpedro.com.ar\/sitio\/wp-content\/uploads\/2023\/10\/Imagen-de-WhatsApp-2023-10-26-a-las-07.21.56_ba578af7.jpg\" alt=\"\" class=\"wp-image-123411 lazyload\" data-srcset=\"https:\/\/eldiariodesanpedro.com.ar\/sitio\/wp-content\/uploads\/2023\/10\/Imagen-de-WhatsApp-2023-10-26-a-las-07.21.56_ba578af7.jpg 945w, https:\/\/eldiariodesanpedro.com.ar\/sitio\/wp-content\/uploads\/2023\/10\/Imagen-de-WhatsApp-2023-10-26-a-las-07.21.56_ba578af7-300x200.jpg 300w, https:\/\/eldiariodesanpedro.com.ar\/sitio\/wp-content\/uploads\/2023\/10\/Imagen-de-WhatsApp-2023-10-26-a-las-07.21.56_ba578af7-768x512.jpg 768w\" data-sizes=\"(max-width: 945px) 100vw, 945px\" src=\"data:image\/svg+xml;base64,PHN2ZyB3aWR0aD0iMSIgaGVpZ2h0PSIxIiB4bWxucz0iaHR0cDovL3d3dy53My5vcmcvMjAwMC9zdmciPjwvc3ZnPg==\" style=\"--smush-placeholder-width: 945px; --smush-placeholder-aspect-ratio: 945\/630;\" \/><\/figure>\n\n\n\n<figure class=\"wp-block-image size-full\"><img decoding=\"async\" width=\"840\" height=\"630\" data-attachment-id=\"123412\" data-permalink=\"https:\/\/eldiariodesanpedro.com.ar\/sitio\/cecilio-salazar-en-una-reunion-que-une-fuerzas-para-consagrar-a-sergio-massa-como-el-proximo-presidente\/imagen-de-whatsapp-2023-10-26-a-las-07-21-57_6bb23357\/\" data-orig-file=\"https:\/\/eldiariodesanpedro.com.ar\/sitio\/wp-content\/uploads\/2023\/10\/Imagen-de-WhatsApp-2023-10-26-a-las-07.21.57_6bb23357.jpg\" data-orig-size=\"840,630\" data-comments-opened=\"0\" data-image-meta=\"{&quot;aperture&quot;:&quot;0&quot;,&quot;credit&quot;:&quot;&quot;,&quot;camera&quot;:&quot;&quot;,&quot;caption&quot;:&quot;&quot;,&quot;created_timestamp&quot;:&quot;0&quot;,&quot;copyright&quot;:&quot;&quot;,&quot;focal_length&quot;:&quot;0&quot;,&quot;iso&quot;:&quot;0&quot;,&quot;shutter_speed&quot;:&quot;0&quot;,&quot;title&quot;:&quot;&quot;,&quot;orientation&quot;:&quot;0&quot;}\" data-image-title=\"Imagen de WhatsApp 2023-10-26 a las 07.21.57_6bb23357\" data-image-description=\"\" data-image-caption=\"\" data-large-file=\"https:\/\/eldiariodesanpedro.com.ar\/sitio\/wp-content\/uploads\/2023\/10\/Imagen-de-WhatsApp-2023-10-26-a-las-07.21.57_6bb23357.jpg\" data-src=\"https:\/\/eldiariodesanpedro.com.ar\/sitio\/wp-content\/uploads\/2023\/10\/Imagen-de-WhatsApp-2023-10-26-a-las-07.21.57_6bb23357.jpg\" alt=\"\" class=\"wp-image-123412 lazyload\" data-srcset=\"https:\/\/eldiariodesanpedro.com.ar\/sitio\/wp-content\/uploads\/2023\/10\/Imagen-de-WhatsApp-2023-10-26-a-las-07.21.57_6bb23357.jpg 840w, https:\/\/eldiariodesanpedro.com.ar\/sitio\/wp-content\/uploads\/2023\/10\/Imagen-de-WhatsApp-2023-10-26-a-las-07.21.57_6bb23357-300x225.jpg 300w, https:\/\/eldiariodesanpedro.com.ar\/sitio\/wp-content\/uploads\/2023\/10\/Imagen-de-WhatsApp-2023-10-26-a-las-07.21.57_6bb23357-768x576.jpg 768w, https:\/\/eldiariodesanpedro.com.ar\/sitio\/wp-content\/uploads\/2023\/10\/Imagen-de-WhatsApp-2023-10-26-a-las-07.21.57_6bb23357-272x204.jpg 272w\" data-sizes=\"(max-width: 840px) 100vw, 840px\" src=\"data:image\/svg+xml;base64,PHN2ZyB3aWR0aD0iMSIgaGVpZ2h0PSIxIiB4bWxucz0iaHR0cDovL3d3dy53My5vcmcvMjAwMC9zdmciPjwvc3ZnPg==\" style=\"--smush-placeholder-width: 840px; --smush-placeholder-aspect-ratio: 840\/630;\" \/><\/figure>\n","protected":false},"excerpt":{"rendered":"<p>Tras la contundente victoria del gobernador Axel Kicillof, reelecto el domingo pasado por un nuevo per\u00edodo al frente de la Provincia de Buenos Aires y el triunfo de Sergio Massa en las elecciones presidenciales que lo convierte en protagonista del balotaje del 19 de noviembre, se concret\u00f3 hoy una trascendente reuni\u00f3n de intendentes, funcionarios y [&hellip;]<\/p>\n","protected":false},"author":4,"featured_media":123409,"comment_status":"closed","ping_status":"closed","sticky":false,"template":"","format":"standard","meta":{"om_disable_all_campaigns":false,"_jetpack_memberships_contains_paid_content":false,"footnotes":""},"categories":[50,101,2],"tags":[197,696,33,19],"class_list":["post-123408","post","type-post","status-publish","format-standard","has-post-thumbnail","hentry","category-destacadas","category-interes-general-locales","category-locales","tag-buenos-aires","tag-interes-general","tag-locales","tag-san-pedro"],"aioseo_notices":[],"gutentor_comment":0,"jetpack_featured_media_url":"https:\/\/eldiariodesanpedro.com.ar\/sitio\/wp-content\/uploads\/2023\/10\/Imagen-de-WhatsApp-2023-10-26-a-las-07.21.53_847574e0.jpg","jetpack_shortlink":"https:\/\/wp.me\/p6RhLt-w6s","jetpack_sharing_enabled":true,"_links":{"self":[{"href":"https:\/\/eldiariodesanpedro.com.ar\/sitio\/wp-json\/wp\/v2\/posts\/123408","targetHints":{"allow":["GET"]}}],"collection":[{"href":"https:\/\/eldiariodesanpedro.com.ar\/sitio\/wp-json\/wp\/v2\/posts"}],"about":[{"href":"https:\/\/eldiariodesanpedro.com.ar\/sitio\/wp-json\/wp\/v2\/types\/post"}],"author":[{"embeddable":true,"href":"https:\/\/eldiariodesanpedro.com.ar\/sitio\/wp-json\/wp\/v2\/users\/4"}],"replies":[{"embeddable":true,"href":"https:\/\/eldiariodesanpedro.com.ar\/sitio\/wp-json\/wp\/v2\/comments?post=123408"}],"version-history":[{"count":1,"href":"https:\/\/eldiariodesanpedro.com.ar\/sitio\/wp-json\/wp\/v2\/posts\/123408\/revisions"}],"predecessor-version":[{"id":123413,"href":"https:\/\/eldiariodesanpedro.com.ar\/sitio\/wp-json\/wp\/v2\/posts\/123408\/revisions\/123413"}],"wp:featuredmedia":[{"embeddable":true,"href":"https:\/\/eldiariodesanpedro.com.ar\/sitio\/wp-json\/wp\/v2\/media\/123409"}],"wp:attachment":[{"href":"https:\/\/eldiariodesanpedro.com.ar\/sitio\/wp-json\/wp\/v2\/media?parent=123408"}],"wp:term":[{"taxonomy":"category","embeddable":true,"href":"https:\/\/eldiariodesanpedro.com.ar\/sitio\/wp-json\/wp\/v2\/categories?post=123408"},{"taxonomy":"post_tag","embeddable":true,"href":"https:\/\/eldiariodesanpedro.com.ar\/sitio\/wp-json\/wp\/v2\/tags?post=123408"}],"curies":[{"name":"wp","href":"https:\/\/api.w.org\/{rel}","templated":true}]}}