{"id":123401,"date":"2023-10-26T10:26:19","date_gmt":"2023-10-26T13:26:19","guid":{"rendered":"https:\/\/eldiariodesanpedro.com.ar\/sitio\/?p=123401"},"modified":"2023-10-26T10:26:22","modified_gmt":"2023-10-26T13:26:22","slug":"mas-de-30-participantes-en-el-taller-sobre-el-parque-agroindustrial-del-plan-estrategico-san-pedro","status":"publish","type":"post","link":"https:\/\/eldiariodesanpedro.com.ar\/sitio\/mas-de-30-participantes-en-el-taller-sobre-el-parque-agroindustrial-del-plan-estrategico-san-pedro\/","title":{"rendered":"M\u00e1s de 30 participantes en el taller sobre el Parque Agroindustrial del Plan Estrat\u00e9gico San Pedro"},"content":{"rendered":"<!-- VideographyWP Plugin Message: Automatic video embedding prevented by plugin options. -->\n\n<p>Este mi\u00e9rcoles se desarrollaron dos de los talleres previstos para esta semana en el marco de las actividades comprendidas en el Plan Estrat\u00e9gico San Pedro 2050, anunciado por la Municipalidad de San Pedro hace algunas semanas.<\/p>\n\n\n\n<p>Luego de un primer encuentro llevado a cabo esta ma\u00f1ana en la Liga Deportiva Sampedrina, por la tarde en el mismo sal\u00f3n se desarroll\u00f3 la tem\u00e1tica del Parque Agroindustrial que impulsa el gobierno del Intendente Cecilio Salazar y para cuya concreci\u00f3n se viene trabajando desde hace a\u00f1os, tanto en los procesos administrativos y de habilitaci\u00f3n, como en la generaci\u00f3n de la infraestructura necesaria para poder atraer a empresas a instalarse all\u00ed.<\/p>\n\n\n\n<p>Con m\u00e1s de 30 participantes representando instituciones como el Centro de Comercio, C\u00e1mara de Martilleros, Conciencia Ecol\u00f3gica e INTA entre otros, empresarios, profesionales, especialistas en temas relacionados con la iniciativa, productores y referentes de la industria alimenticia, transcurri\u00f3 el encuentro con el objetivo de delinear el perfil productivo, la infraestructura necesaria y la institucionalidad y gobernanza del parque agroindustrial.<\/p>\n\n\n\n<p>Durante la charla se compartieron valiosos aportes y conclusiones que ser\u00e1n volcadas en los informes sobre los que se construir\u00e1 este plan a mediano y largo plazo.<\/p>\n\n\n\n<p>Este jueves desde las 17 a trav\u00e9s de una plataforma digital se invita a participar del taller \u201cEquidad Social\u201d dirigido a referentes sociales, educadores, emprendedores y todos aquellos que est\u00e9n directamente relacionados con la construcci\u00f3n de una ciudad m\u00e1s justa y equitativa.<\/p>\n\n\n\n<p>Para acceder al encuentro previamente deber\u00e1n confirmar asistencia a trav\u00e9s del siguiente Link: <a href=\"https:\/\/bit.ly\/asistenciaT2\">https:\/\/bit.ly\/asistenciaT2<\/a> y en el momento del taller acceder a la reuni\u00f3n con el siguiente enlace: <a href=\"https:\/\/bit.ly\/SanPedro2050.\">https:\/\/bit.ly\/SanPedro2050.<\/a><\/p>\n\n\n\n<figure class=\"wp-block-image size-full\"><img decoding=\"async\" width=\"945\" height=\"630\" data-attachment-id=\"123405\" data-permalink=\"https:\/\/eldiariodesanpedro.com.ar\/sitio\/mas-de-30-participantes-en-el-taller-sobre-el-parque-agroindustrial-del-plan-estrategico-san-pedro\/imagen-de-whatsapp-2023-10-25-a-las-20-58-22_2e289a61\/\" data-orig-file=\"https:\/\/eldiariodesanpedro.com.ar\/sitio\/wp-content\/uploads\/2023\/10\/Imagen-de-WhatsApp-2023-10-25-a-las-20.58.22_2e289a61.jpg\" data-orig-size=\"945,630\" data-comments-opened=\"0\" data-image-meta=\"{&quot;aperture&quot;:&quot;0&quot;,&quot;credit&quot;:&quot;&quot;,&quot;camera&quot;:&quot;&quot;,&quot;caption&quot;:&quot;&quot;,&quot;created_timestamp&quot;:&quot;0&quot;,&quot;copyright&quot;:&quot;&quot;,&quot;focal_length&quot;:&quot;0&quot;,&quot;iso&quot;:&quot;0&quot;,&quot;shutter_speed&quot;:&quot;0&quot;,&quot;title&quot;:&quot;&quot;,&quot;orientation&quot;:&quot;0&quot;}\" data-image-title=\"Imagen de WhatsApp 2023-10-25 a las 20.58.22_2e289a61\" data-image-description=\"\" data-image-caption=\"\" data-large-file=\"https:\/\/eldiariodesanpedro.com.ar\/sitio\/wp-content\/uploads\/2023\/10\/Imagen-de-WhatsApp-2023-10-25-a-las-20.58.22_2e289a61.jpg\" data-src=\"https:\/\/eldiariodesanpedro.com.ar\/sitio\/wp-content\/uploads\/2023\/10\/Imagen-de-WhatsApp-2023-10-25-a-las-20.58.22_2e289a61.jpg\" alt=\"\" class=\"wp-image-123405 lazyload\" data-srcset=\"https:\/\/eldiariodesanpedro.com.ar\/sitio\/wp-content\/uploads\/2023\/10\/Imagen-de-WhatsApp-2023-10-25-a-las-20.58.22_2e289a61.jpg 945w, https:\/\/eldiariodesanpedro.com.ar\/sitio\/wp-content\/uploads\/2023\/10\/Imagen-de-WhatsApp-2023-10-25-a-las-20.58.22_2e289a61-300x200.jpg 300w, https:\/\/eldiariodesanpedro.com.ar\/sitio\/wp-content\/uploads\/2023\/10\/Imagen-de-WhatsApp-2023-10-25-a-las-20.58.22_2e289a61-768x512.jpg 768w\" data-sizes=\"(max-width: 945px) 100vw, 945px\" src=\"data:image\/svg+xml;base64,PHN2ZyB3aWR0aD0iMSIgaGVpZ2h0PSIxIiB4bWxucz0iaHR0cDovL3d3dy53My5vcmcvMjAwMC9zdmciPjwvc3ZnPg==\" style=\"--smush-placeholder-width: 945px; --smush-placeholder-aspect-ratio: 945\/630;\" \/><\/figure>\n","protected":false},"excerpt":{"rendered":"<p>Este mi\u00e9rcoles se desarrollaron dos de los talleres previstos para esta semana en el marco de las actividades comprendidas en el Plan Estrat\u00e9gico San Pedro 2050, anunciado por la Municipalidad de San Pedro hace algunas semanas. Luego de un primer encuentro llevado a cabo esta ma\u00f1ana en la Liga Deportiva Sampedrina, por la tarde en [&hellip;]<\/p>\n","protected":false},"author":4,"featured_media":123404,"comment_status":"closed","ping_status":"closed","sticky":false,"template":"","format":"standard","meta":{"om_disable_all_campaigns":false,"_jetpack_memberships_contains_paid_content":false,"footnotes":""},"categories":[101,2],"tags":[197,696,33,19],"class_list":["post-123401","post","type-post","status-publish","format-standard","has-post-thumbnail","hentry","category-interes-general-locales","category-locales","tag-buenos-aires","tag-interes-general","tag-locales","tag-san-pedro"],"aioseo_notices":[],"gutentor_comment":0,"jetpack_featured_media_url":"https:\/\/eldiariodesanpedro.com.ar\/sitio\/wp-content\/uploads\/2023\/10\/Imagen-de-WhatsApp-2023-10-25-a-las-20.58.21_b28f9628.jpg","jetpack_shortlink":"https:\/\/wp.me\/p6RhLt-w6l","jetpack_sharing_enabled":true,"_links":{"self":[{"href":"https:\/\/eldiariodesanpedro.com.ar\/sitio\/wp-json\/wp\/v2\/posts\/123401","targetHints":{"allow":["GET"]}}],"collection":[{"href":"https:\/\/eldiariodesanpedro.com.ar\/sitio\/wp-json\/wp\/v2\/posts"}],"about":[{"href":"https:\/\/eldiariodesanpedro.com.ar\/sitio\/wp-json\/wp\/v2\/types\/post"}],"author":[{"embeddable":true,"href":"https:\/\/eldiariodesanpedro.com.ar\/sitio\/wp-json\/wp\/v2\/users\/4"}],"replies":[{"embeddable":true,"href":"https:\/\/eldiariodesanpedro.com.ar\/sitio\/wp-json\/wp\/v2\/comments?post=123401"}],"version-history":[{"count":1,"href":"https:\/\/eldiariodesanpedro.com.ar\/sitio\/wp-json\/wp\/v2\/posts\/123401\/revisions"}],"predecessor-version":[{"id":123407,"href":"https:\/\/eldiariodesanpedro.com.ar\/sitio\/wp-json\/wp\/v2\/posts\/123401\/revisions\/123407"}],"wp:featuredmedia":[{"embeddable":true,"href":"https:\/\/eldiariodesanpedro.com.ar\/sitio\/wp-json\/wp\/v2\/media\/123404"}],"wp:attachment":[{"href":"https:\/\/eldiariodesanpedro.com.ar\/sitio\/wp-json\/wp\/v2\/media?parent=123401"}],"wp:term":[{"taxonomy":"category","embeddable":true,"href":"https:\/\/eldiariodesanpedro.com.ar\/sitio\/wp-json\/wp\/v2\/categories?post=123401"},{"taxonomy":"post_tag","embeddable":true,"href":"https:\/\/eldiariodesanpedro.com.ar\/sitio\/wp-json\/wp\/v2\/tags?post=123401"}],"curies":[{"name":"wp","href":"https:\/\/api.w.org\/{rel}","templated":true}]}}